{"id":29267,"date":"2019-11-06T00:00:00","date_gmt":"2019-11-05T23:00:00","guid":{"rendered":"https:\/\/fundaciosetba.org\/de-la-sombra-a-la-luz-2019\/"},"modified":"2022-04-12T08:35:32","modified_gmt":"2022-04-12T07:35:32","slug":"de-la-sombra-a-la-luz-2019","status":"publish","type":"post","link":"https:\/\/fundaciosetba.org\/es\/de-la-sombra-a-la-luz-2019\/","title":{"rendered":"De la sombra a la luz 2019"},"content":{"rendered":"<p>La Fundaci\u00f3n Setba organiza, por quinto a\u00f1o consecutivo, este taller de fotograf\u00eda y palabra, impartido por el educador social Ventura Camacho. Una actividad dirigida a mujeres que han vivido situaciones de violencia machista y pensada para darles una herramienta de empoderamiento y crear v\u00ednculos entre las participantes.<\/p>\n<p>En esta quinta edici\u00f3n, el taller se llevar\u00e1 a cabo en el Centro C\u00edvico Pati Llimona y habr\u00e1 dos grupos: uno que har\u00e1 el curso de iniciaci\u00f3n y otro, de segundo nivel, que preparar\u00e1 una exposici\u00f3n itinerante, de la mano de la fot\u00f3grafa Marta F\u00e0bregas.<\/p>\n<p>En el marco del D\u00eda Internacional contra la Violencia Machista, nuevamente en colaboraci\u00f3n con TMB y Photogenic Festival, el 25 de noviembre se instalar\u00e1 un set fotogr\u00e1fico en la estaci\u00f3n de metro de diagonal para invitar a los ciudadanos a dar la cara y denunciar la violencia de g\u00e9nero.<\/p>\n<p><iframe loading=\"lazy\" width=\"1120\" height=\"630\" src=\"https:\/\/www.youtube.com\/embed\/8DOqBXcvvFE\" frameborder=\"0\" allow=\"accelerometer; autoplay; encrypted-media; gyroscope; picture-in-picture\" allowfullscreen><\/iframe><\/p>\n","protected":false},"excerpt":{"rendered":"<p>Un a\u00f1o m\u00e1s, la Fundaci\u00f3n Setba organiza este taller de fotograf\u00eda y palabra dirigido a mujeres que han vivido la violencia machista.<\/p>\n","protected":false},"author":1,"featured_media":0,"comment_status":"closed","ping_status":"closed","sticky":false,"template":"","format":"standard","meta":{"footnotes":""},"categories":[1090],"tags":[],"class_list":["post-29267","post","type-post","status-publish","format-standard","hentry","category-noticias"],"_links":{"self":[{"href":"https:\/\/fundaciosetba.org\/es\/wp-json\/wp\/v2\/posts\/29267","targetHints":{"allow":["GET"]}}],"collection":[{"href":"https:\/\/fundaciosetba.org\/es\/wp-json\/wp\/v2\/posts"}],"about":[{"href":"https:\/\/fundaciosetba.org\/es\/wp-json\/wp\/v2\/types\/post"}],"author":[{"embeddable":true,"href":"https:\/\/fundaciosetba.org\/es\/wp-json\/wp\/v2\/users\/1"}],"replies":[{"embeddable":true,"href":"https:\/\/fundaciosetba.org\/es\/wp-json\/wp\/v2\/comments?post=29267"}],"version-history":[{"count":1,"href":"https:\/\/fundaciosetba.org\/es\/wp-json\/wp\/v2\/posts\/29267\/revisions"}],"predecessor-version":[{"id":30803,"href":"https:\/\/fundaciosetba.org\/es\/wp-json\/wp\/v2\/posts\/29267\/revisions\/30803"}],"wp:attachment":[{"href":"https:\/\/fundaciosetba.org\/es\/wp-json\/wp\/v2\/media?parent=29267"}],"wp:term":[{"taxonomy":"category","embeddable":true,"href":"https:\/\/fundaciosetba.org\/es\/wp-json\/wp\/v2\/categories?post=29267"},{"taxonomy":"post_tag","embeddable":true,"href":"https:\/\/fundaciosetba.org\/es\/wp-json\/wp\/v2\/tags?post=29267"}],"curies":[{"name":"wp","href":"https:\/\/api.w.org\/{rel}","templated":true}]}}