{"id":29268,"date":"2019-11-06T00:00:00","date_gmt":"2019-11-05T23:00:00","guid":{"rendered":"https:\/\/fundaciosetba.org\/ventura-camacho\/"},"modified":"2022-04-12T08:36:01","modified_gmt":"2022-04-12T07:36:01","slug":"ventura-camacho","status":"publish","type":"post","link":"https:\/\/fundaciosetba.org\/es\/ventura-camacho\/","title":{"rendered":"Entrevista a Ventura Camacho"},"content":{"rendered":"<p>Des de l&#8217;any 2015, Ventura Camacho treballa amb la Fundaci\u00f3 Setba en els tallers de fotografia que organitzem per a dones que han patit situacions de viol\u00e8ncia masclista.<\/p>\n<p><strong>\u00bfQui\u00e9n es Ventura Camacho? <\/strong><\/p>\n<p><span style=\"color: #808080;\"><em>\u00a1Qu\u00e9 gran pregunta! Me gustar\u00eda saberlo, la verdad. Yo creo que es un educador social vocacional. Es alguien que vino al mundo y cree que tiene el encargo de poder acompa\u00f1ar a las personas, y lo hace desde donde buenamente puede y como buenamente sabe. Entonces se cruz\u00f3 el voluntariado por mi vida; yo iba para fil\u00f3logo, y de la filolog\u00eda me fui a la educaci\u00f3n social y ya no he dejado ese camino. <\/em><\/span><\/p>\n<p><strong>\u00bfQu\u00e9 significa para ti \u201cDe la sombra a la luz\u201d? <\/strong><\/p>\n<p><span style=\"color: #808080;\"><em>\u201cDe la sombra a la luz\u201d fue el taller que inici\u00f3 este nuevo proyecto de coaching y desarrollo, la primera oportunidad que tuve de poder empezar a poner en pr\u00e1ctica las ideas que ten\u00eda. <\/em><\/span><\/p>\n<p><span style=\"color: #808080;\"><em>Adem\u00e1s, es una experiencia personal de crecimiento como hombre, al tratarse un taller\u00a0para mujeres que han pasado por una situaci\u00f3n dif\u00edcil y muchas de ellas han perdido la confianza en los hombres (o por lo menos tiene muchas dificultades para relacionarse con normalidad o retomar esa normalidad). Ser referente masculino es importante para ellas, y tambi\u00e9n para m\u00ed. Por ejemplo, me ha ayudado a ver desde donde funciono yo, detectar micromachismos que ten\u00eda muy incorporados. Uno piensa que con trabajar en el mundo educativo ya est\u00e1 libre de toda culpa, pero no, tambi\u00e9n se aprende, sobretodo como persona.<\/em><\/span><\/p>\n<p><strong>\u00bfQu\u00e9 significa \u201cCoaching, fotograf\u00eda y desarrollo\u201d?<\/strong><\/p>\n<p><span style=\"color: #808080;\"><em>Es un proyecto fruto de una crisis. Con 38 me plantee \u201c\u00bfQu\u00e9 quiero ser de mayor?\u201d. La respuesta me la dieron otras preguntas \u201c\u00bfYo qu\u00e9 s\u00e9 hacer y qu\u00e9 puedo hacer mejor? \u00bfC\u00f3mo me formo?\u201d. A partir de aqu\u00ed cree un proyecto para seguir viviendo de lo que me apasiona, mi vocaci\u00f3n: ayudar a los dem\u00e1s, acompa\u00f1arlos. <\/em><\/span><\/p>\n<p><span style=\"color: #808080;\"><em>Yo hab\u00eda estudiado filolog\u00eda inglesa y me gustaba la escritura, la fotograf\u00eda\u2026 Busqu\u00e9 c\u00f3mo aplicar eso a todo lo que hab\u00eda aprendido como educador social, gestionando emociones. Sin dejar de lado mi formaci\u00f3n en coaching y programaci\u00f3n neuroling\u00fc\u00edstica. <\/em><\/span><\/p>\n<p><strong>Haznos un balance del taller \u201cDe la sombra a la luz\u201d<\/strong><\/p>\n<p><span style=\"color: #808080;\"><em>Personalmente voy aprendiendo de cada taller, voy perfeccionando las din\u00e1micas. La base suele ser la misma, pero en funci\u00f3n del grupo voy cambiando las din\u00e1micas y las voy adaptando a lo que piden, a su energ\u00eda. <\/em><\/span><\/p>\n<p><strong>Por ejemplo\u2026<\/strong><\/p>\n<p><span style=\"color: #808080;\"><em>Pues en estos a\u00f1os he ido viendo que hab\u00eda que darle menos tiempo a la sombra, no detenernos all\u00ed, y en cambio recrearnos en la parte de luz, de proyectarnos en lo que queremos y en lo que buscamos en la vida. <\/em><\/span><\/p>\n<p><span style=\"color: #808080;\"><em>El balance es muy positivo: solo con crear un grupo d\u00f3nde se puedan juntar y puedan compartir sus experiencias, el taller ya es un \u00e9xito. Dentro del grupo cada persona esta en un momento diferente, con lo cual ellas hacen de espejo y se arropan. Se convierten en puntos de referencia, y la que est\u00e1 en un momento m\u00e1s delicado es arropada por las dem\u00e1s, que ya han pasado por eso. Los grupos son muy variables y variados, y aqu\u00ed est\u00e1 la riqueza, eso suma.<\/em><\/span><\/p>\n<p><strong>Y sobre el segundo taller, en el que trabajan codo con codo con una fot\u00f3grafa de prestigio (este a\u00f1o Marta F\u00e0bregas) \u00bfqu\u00e9 nos puedes decir?<\/strong><\/p>\n<p><span style=\"color: #808080;\"><em>El segundo taller, que es un poco m\u00e1s creativo y dedicado a hacer una exposici\u00f3n, les aporta mucha autoestima, puesto que su trabajo se va a ver. Es una oportunidad preciosa, porque se dan cuenta de que lo que est\u00e1n creando puede servir a otras mujeres que tal vez est\u00e9n en ese momento de dar el paso, de denunciar o de buscar ayuda. Ese gesto de compartir, de \u201cyo doy la cara por ti\u201d, para mi es muy poderoso. <\/em><\/span><\/p>\n<p><strong>En conclusi\u00f3n\u2026<\/strong><\/p>\n<p><span style=\"color: #808080;\"><em>Yo pienso que donde no llegan las palabras, llega la imagen. A veces, en el taller alguna mujer me dice \u201cYo me siento as\u00ed\u201d, y me ense\u00f1a una foto que ha hecho durante la semana y en ese momento digo: ya est\u00e1, te entiendo.<\/em><\/span><\/p>\n","protected":false},"excerpt":{"rendered":"<p>Coach, educador social y fil\u00f3logo. Trabaja en el acompa\u00f1amiento de personas, entidades y colectivos en sus procesos de transformaci\u00f3n, crecimiento personal y cambio.<\/p>\n","protected":false},"author":1,"featured_media":0,"comment_status":"closed","ping_status":"closed","sticky":false,"template":"","format":"standard","meta":{"footnotes":""},"categories":[1243],"tags":[],"class_list":["post-29268","post","type-post","status-publish","format-standard","hentry","category-entrevistas"],"_links":{"self":[{"href":"https:\/\/fundaciosetba.org\/es\/wp-json\/wp\/v2\/posts\/29268","targetHints":{"allow":["GET"]}}],"collection":[{"href":"https:\/\/fundaciosetba.org\/es\/wp-json\/wp\/v2\/posts"}],"about":[{"href":"https:\/\/fundaciosetba.org\/es\/wp-json\/wp\/v2\/types\/post"}],"author":[{"embeddable":true,"href":"https:\/\/fundaciosetba.org\/es\/wp-json\/wp\/v2\/users\/1"}],"replies":[{"embeddable":true,"href":"https:\/\/fundaciosetba.org\/es\/wp-json\/wp\/v2\/comments?post=29268"}],"version-history":[{"count":2,"href":"https:\/\/fundaciosetba.org\/es\/wp-json\/wp\/v2\/posts\/29268\/revisions"}],"predecessor-version":[{"id":30926,"href":"https:\/\/fundaciosetba.org\/es\/wp-json\/wp\/v2\/posts\/29268\/revisions\/30926"}],"wp:attachment":[{"href":"https:\/\/fundaciosetba.org\/es\/wp-json\/wp\/v2\/media?parent=29268"}],"wp:term":[{"taxonomy":"category","embeddable":true,"href":"https:\/\/fundaciosetba.org\/es\/wp-json\/wp\/v2\/categories?post=29268"},{"taxonomy":"post_tag","embeddable":true,"href":"https:\/\/fundaciosetba.org\/es\/wp-json\/wp\/v2\/tags?post=29268"}],"curies":[{"name":"wp","href":"https:\/\/api.w.org\/{rel}","templated":true}]}}