{"id":29272,"date":"2019-11-13T00:00:00","date_gmt":"2019-11-12T23:00:00","guid":{"rendered":"https:\/\/fundaciosetba.org\/dones-valentes-a-traves-de-lobjectiu\/"},"modified":"2022-04-12T08:34:59","modified_gmt":"2022-04-12T07:34:59","slug":"dones-valentes-a-traves-de-lobjectiu","status":"publish","type":"post","link":"https:\/\/fundaciosetba.org\/es\/dones-valentes-a-traves-de-lobjectiu\/","title":{"rendered":"Mujeres valientes a trav\u00e9s del objetivo"},"content":{"rendered":"<p>En el marco de la exposici\u00f3n &#8220;Cicatriz&#8221;, que se puede visitar hasta el 29 de noviembre en el Centro C\u00edvico Pati Llimona, os invitamos a la charla de la periodista Sandra Balsells &#8220;Mujeres valientes a trav\u00e9s del objetivo&#8221;.<\/p>\n<p>La conferencia abordar\u00e1<strong> la violencia machista, vista a trav\u00e9s de la c\u00e1mara varios fot\u00f3grafos.<\/strong> Y tambi\u00e9n de la propia experiencia de Balsells retratando, durante 6 meses, el d\u00eda a d\u00eda de una mujer maltratada: el proyecto expositivo titulado\u00a0&#8220;Cicatriz&#8221;.<\/p>\n<p style=\"text-align: left;\"><a ref=\"magnificPopup\" href=\"https:\/\/fundaciosetba.org\/wp-content\/uploads\/2021\/12\/Cicatriu-Sandra-Balsells-14.jpg\"><img loading=\"lazy\" decoding=\"async\" class=\"alignleft size-full wp-image-19500\" src=\"https:\/\/fundaciosetba.org\/wp-content\/uploads\/2021\/12\/Cicatriu-Sandra-Balsells-14.jpg\" alt='Cicatriu - Sandra Balsells (14)' width=\"5411\" height=\"3607\" \/><\/a><\/p>\n<p>D\u00f3nde: Centre C\u00edvic Pati Llimona. Sala Joan Maragall.<br \/>\nEntrada libre. Aforo limitado.<br \/>\nReservas: <a href=\"mailto:maria@fundaciosetba.org\">maria@fundaciosetba.org<\/a><\/p>\n","protected":false},"excerpt":{"rendered":"<p>Charla de la fotoperiodista Sandra Balsells sobre la violencia machista, vista a trav\u00e9s de la c\u00e1mara varios fot\u00f3grafos y su misma.<\/p>\n","protected":false},"author":1,"featured_media":29269,"comment_status":"closed","ping_status":"closed","sticky":false,"template":"","format":"standard","meta":{"footnotes":""},"categories":[1090],"tags":[],"class_list":["post-29272","post","type-post","status-publish","format-standard","has-post-thumbnail","hentry","category-noticias"],"_links":{"self":[{"href":"https:\/\/fundaciosetba.org\/es\/wp-json\/wp\/v2\/posts\/29272","targetHints":{"allow":["GET"]}}],"collection":[{"href":"https:\/\/fundaciosetba.org\/es\/wp-json\/wp\/v2\/posts"}],"about":[{"href":"https:\/\/fundaciosetba.org\/es\/wp-json\/wp\/v2\/types\/post"}],"author":[{"embeddable":true,"href":"https:\/\/fundaciosetba.org\/es\/wp-json\/wp\/v2\/users\/1"}],"replies":[{"embeddable":true,"href":"https:\/\/fundaciosetba.org\/es\/wp-json\/wp\/v2\/comments?post=29272"}],"version-history":[{"count":1,"href":"https:\/\/fundaciosetba.org\/es\/wp-json\/wp\/v2\/posts\/29272\/revisions"}],"predecessor-version":[{"id":30801,"href":"https:\/\/fundaciosetba.org\/es\/wp-json\/wp\/v2\/posts\/29272\/revisions\/30801"}],"wp:featuredmedia":[{"embeddable":true,"href":"https:\/\/fundaciosetba.org\/es\/wp-json\/wp\/v2\/media\/29269"}],"wp:attachment":[{"href":"https:\/\/fundaciosetba.org\/es\/wp-json\/wp\/v2\/media?parent=29272"}],"wp:term":[{"taxonomy":"category","embeddable":true,"href":"https:\/\/fundaciosetba.org\/es\/wp-json\/wp\/v2\/categories?post=29272"},{"taxonomy":"post_tag","embeddable":true,"href":"https:\/\/fundaciosetba.org\/es\/wp-json\/wp\/v2\/tags?post=29272"}],"curies":[{"name":"wp","href":"https:\/\/api.w.org\/{rel}","templated":true}]}}