{"id":29276,"date":"2020-01-08T00:00:00","date_gmt":"2020-01-07T23:00:00","guid":{"rendered":"https:\/\/fundaciosetba.org\/bases-balcno-premio-artistico-2020\/"},"modified":"2022-04-12T08:34:33","modified_gmt":"2022-04-12T07:34:33","slug":"bases-balcno-premio-artistico-2020","status":"publish","type":"post","link":"https:\/\/fundaciosetba.org\/es\/bases-balcno-premio-artistico-2020\/","title":{"rendered":"Bases Premio art\u00edstico 2020"},"content":{"rendered":"<p>Este a\u00f1o El Balc\u00f3n de las Artes celebra 10 ediciones!!<\/p>\n<p>Una d\u00e9cada premiando y poniendo en valor el talento de artistas con discapacidad intelectual y del desarrollo. Esta convocatoria, como cada a\u00f1o, tiene un Premio art\u00edstico y un Premio de dise\u00f1o, pero por primera vez la participaci\u00f3n en una y otra son independientes.<\/p>\n<p>Descarga las BASES del <a href=\"https:\/\/fundaciosetba.org\/wp-content\/uploads\/2020\/01\/BASES-PREMI-ART\u00cdSTIC-El-Balc\u00f3-de-les-Arts-2020-1.pdf\" target=\"_blank\" rel=\"noopener\">Premio art\u00edstico El Balc\u00f3n de las Artes 2020<\/a> y rellena el formulario de participaci\u00f3n antes del 22 de marzo de 2020.<\/p>\n<div class=\"typeform-widget\" style=\"width: 100%; height: 500px;\" data-url=\"https:\/\/fundaciosetba.typeform.com\/to\/HmdgUL\"><\/div>\n<p><script> (function() { var qs,js,q,s,d=document, gi=d.getElementById, ce=d.createElement, gt=d.getElementsByTagName, id=\"typef_orm\", b=\"https:\/\/embed.typeform.com\/\"; if(!gi.call(d,id)) { js=ce.call(d,\"script\"); js.id=id; js.src=b+\"embed.js\"; q=gt.call(d,\"script\")[0]; q.parentNode.insertBefore(js,q) } })() <\/script><\/p>\n<div style=\"font-family: Sans-Serif; font-size: 12px; color: #999; opacity: 0.5; padding-top: 5px;\">powered by <a style=\"color: #999;\" href=\"https:\/\/admin.typeform.com\/signup?utm_campaign=PTG8pc&amp;utm_source=typeform.com-11522093-Pro&amp;utm_medium=typeform&amp;utm_content=typeform-embedded-poweredbytypeform&amp;utm_term=ES\" target=\"_blank\" rel=\"noopener\">Typeform<\/a><\/div>\n","protected":false},"excerpt":{"rendered":"<p>El Balc\u00f3n de las Artes celebra 10 a\u00f1os con una convocatoria doble. Descarga las bases del Premio art\u00edstico y participa!<\/p>\n","protected":false},"author":1,"featured_media":0,"comment_status":"closed","ping_status":"closed","sticky":false,"template":"","format":"standard","meta":{"footnotes":""},"categories":[1090],"tags":[],"class_list":["post-29276","post","type-post","status-publish","format-standard","hentry","category-noticias"],"_links":{"self":[{"href":"https:\/\/fundaciosetba.org\/es\/wp-json\/wp\/v2\/posts\/29276","targetHints":{"allow":["GET"]}}],"collection":[{"href":"https:\/\/fundaciosetba.org\/es\/wp-json\/wp\/v2\/posts"}],"about":[{"href":"https:\/\/fundaciosetba.org\/es\/wp-json\/wp\/v2\/types\/post"}],"author":[{"embeddable":true,"href":"https:\/\/fundaciosetba.org\/es\/wp-json\/wp\/v2\/users\/1"}],"replies":[{"embeddable":true,"href":"https:\/\/fundaciosetba.org\/es\/wp-json\/wp\/v2\/comments?post=29276"}],"version-history":[{"count":1,"href":"https:\/\/fundaciosetba.org\/es\/wp-json\/wp\/v2\/posts\/29276\/revisions"}],"predecessor-version":[{"id":30798,"href":"https:\/\/fundaciosetba.org\/es\/wp-json\/wp\/v2\/posts\/29276\/revisions\/30798"}],"wp:attachment":[{"href":"https:\/\/fundaciosetba.org\/es\/wp-json\/wp\/v2\/media?parent=29276"}],"wp:term":[{"taxonomy":"category","embeddable":true,"href":"https:\/\/fundaciosetba.org\/es\/wp-json\/wp\/v2\/categories?post=29276"},{"taxonomy":"post_tag","embeddable":true,"href":"https:\/\/fundaciosetba.org\/es\/wp-json\/wp\/v2\/tags?post=29276"}],"curies":[{"name":"wp","href":"https:\/\/api.w.org\/{rel}","templated":true}]}}