{"id":29293,"date":"2020-09-15T00:00:00","date_gmt":"2020-09-14T23:00:00","guid":{"rendered":"https:\/\/fundaciosetba.org\/exposicio-natura-es-cultura-2020-es\/"},"modified":"2022-04-12T10:07:15","modified_gmt":"2022-04-12T09:07:15","slug":"exposicio-natura-es-cultura-2020-es","status":"publish","type":"post","link":"https:\/\/fundaciosetba.org\/es\/exposicio-natura-es-cultura-2020-es\/","title":{"rendered":"\u201cNatura \u00e9s Cultura\u201d del bosque a la +Mediterr\u00e0nia"},"content":{"rendered":"<p style=\"text-align: justify;\">\u201cNatura \u00e9s Cultura\u201d (Natura\u00a0es Cultura)\u00a0es una\u00a0<strong>exposici\u00f3n\u00a0fotogr\u00e1fica y audiovisual que muestra el trabajo art\u00edstico de personas de entidades de salud mental de Catalu\u00f1a<\/strong> en el bosque de la &#8220;Torre dels Soldats d&#8217;Aviny\u00f3&#8221; (Bages).<\/p>\n<p>La intervenci\u00f3n, organizada por la Fundaci\u00f3n\u00a0Setba\u00a0desde 2017, tiene por objetivo dar un respiro a los usuarios y fomentar la inclusi\u00f3n de estas personas a la sociedad, a trav\u00e9s de sus manifestaciones art\u00edsticas. La direcci\u00f3n art\u00edstica del proyecto ha ido a cargo de Quim Moya, artista, gestor cultural y codirector de la residencia de artistas\u00a0<em>Cal Gras<\/em> d&#8217;Aviny\u00f3, y han participado estudiantes de escuelas de arte, como la de Manresa.<\/p>\n<p style=\"text-align: justify;\"><a ref=\"magnificPopup\" href=\"https:\/\/fundaciosetba.org\/wp-content\/uploads\/2020\/09\/natura-\u00e9s-cultura_oriol-segon-torra_fundaci\u00f3-setba.jpg\"><img loading=\"lazy\" decoding=\"async\" class=\"alignleft wp-image-19890 \" src=\"https:\/\/fundaciosetba.org\/wp-content\/uploads\/2020\/09\/natura-\u00e9s-cultura_oriol-segon-torra_fundaci\u00f3-setba-681x1024.jpg\" alt=\"natura \u00e9s cultura_oriol segon torra_fundaci\u00f3 setba\" width=\"455\" height=\"685\" \/><\/a><\/p>\n<p style=\"text-align: justify;\">Los participantes del proyecto, que provienen de diferentes entidades de salud mental de Catalu\u00f1a como <strong><em>R\u00e0dio\u00a0Nikosia<\/em>\u00a0o de la <em>Fundaci\u00f3n\u00a0Althaia<\/em>, han intervenido sobre el bosque<\/strong> de la &#8220;Torre dels Soldats&#8221;, en el Camino Ganadero Central d&#8217;Aviny\u00f3, siguiendo el paso que dej\u00f3 el pintor y escultor vasco Agust\u00edn\u00a0Ibarrola\u00a0en el bosque de\u00a0Oma\u00a0(Bizkaia), con una perfecta complicidad entre arte y en torno natural.<\/p>\n<p>Esta propuesta creativa est\u00e1 enmarcada dentro de los principios del \u201cLand\u00a0Art\u201d (Arte terrestre), donde las pinturas utilizadas no\u00a0estropean los \u00e1rboles, porque solo act\u00faan en la corteza. Adem\u00e1s, se integra dentro de un proyecto de recuperaci\u00f3n de los caminos de trashumancia del Ayuntamiento d&#8217;Aviny\u00f3 y de la t\u00e9cnica de la Piedra Seca,\u00a0en la cual se visiona en el audiovisual de la exposici\u00f3n.<\/p>\n<p>La muestra, que recoge la tarea social a trav\u00e9s de fotograf\u00edas de Oriol\u00a0Segon\u00a0Torra, se podr\u00e1 ver hasta el 18 de octubre en el <em>ESPAI 7 del Casino de Manresa<\/em>, dentro de la muestra de actividades de la <em>+Mediterr\u00e0nia<\/em> y coincidiendo con el D\u00eda Mundial de la Salud Mental (10 de octubre de 2020).<\/p>\n<div class=\"w-gallery fit_cover wp_gallery type_grid action_popup_image ratio_1x1 count_0\" style=\"--columns:3;--items-gap:0px;\"><div class=\"w-gallery-no-results\">No se han encontrado resultados.<\/div><\/div>\n<p style=\"text-align: justify;\">\u201cNatura \u00e9s Cultura\u201d cuenta con el apoyo de Pinturas\u00a0Lepanto, Capital\u00a0Care, Ayuntamiento d&#8217;Aviny\u00f3, Can Gras y Diputaci\u00f3n de Barcelona.<\/p>\n<p>La Fundaci\u00f3n\u00a0Setba\u00a0es una entidad privada sin \u00e1nimo de lucro constituida en 2009 y que centra su actividad a construir espacios de inclusi\u00f3n social a trav\u00e9s de la cultura. El a\u00f1o 2012 ide\u00f3 y desarrollar lo proyecte \u201cNatura \u00e9s Cultura\u201d, destinado a personas con trastornos mentales.<\/p>\n","protected":false},"excerpt":{"rendered":"<p>Intervenci\u00f3n art\u00edstica en el bosque de la Torre de los Soldados de Avi\u00f1\u00f3n a cargo de usuarios de entidades de Salud Mental de Catalu\u00f1a, bajo la direcci\u00f3n de Quim Moya y organizado por la Fundaci\u00f3n Setba.<br \/>\nFotograf\u00edas de Oriol Segon Torra.<\/p>\n","protected":false},"author":1,"featured_media":29660,"comment_status":"closed","ping_status":"closed","sticky":false,"template":"","format":"standard","meta":{"footnotes":""},"categories":[1242],"tags":[],"class_list":["post-29293","post","type-post","status-publish","format-standard","has-post-thumbnail","hentry","category-natura-es-cultura-2"],"_links":{"self":[{"href":"https:\/\/fundaciosetba.org\/es\/wp-json\/wp\/v2\/posts\/29293","targetHints":{"allow":["GET"]}}],"collection":[{"href":"https:\/\/fundaciosetba.org\/es\/wp-json\/wp\/v2\/posts"}],"about":[{"href":"https:\/\/fundaciosetba.org\/es\/wp-json\/wp\/v2\/types\/post"}],"author":[{"embeddable":true,"href":"https:\/\/fundaciosetba.org\/es\/wp-json\/wp\/v2\/users\/1"}],"replies":[{"embeddable":true,"href":"https:\/\/fundaciosetba.org\/es\/wp-json\/wp\/v2\/comments?post=29293"}],"version-history":[{"count":1,"href":"https:\/\/fundaciosetba.org\/es\/wp-json\/wp\/v2\/posts\/29293\/revisions"}],"predecessor-version":[{"id":30792,"href":"https:\/\/fundaciosetba.org\/es\/wp-json\/wp\/v2\/posts\/29293\/revisions\/30792"}],"wp:featuredmedia":[{"embeddable":true,"href":"https:\/\/fundaciosetba.org\/es\/wp-json\/wp\/v2\/media\/29660"}],"wp:attachment":[{"href":"https:\/\/fundaciosetba.org\/es\/wp-json\/wp\/v2\/media?parent=29293"}],"wp:term":[{"taxonomy":"category","embeddable":true,"href":"https:\/\/fundaciosetba.org\/es\/wp-json\/wp\/v2\/categories?post=29293"},{"taxonomy":"post_tag","embeddable":true,"href":"https:\/\/fundaciosetba.org\/es\/wp-json\/wp\/v2\/tags?post=29293"}],"curies":[{"name":"wp","href":"https:\/\/api.w.org\/{rel}","templated":true}]}}