{"id":29294,"date":"2020-09-22T00:00:00","date_gmt":"2020-09-21T23:00:00","guid":{"rendered":"https:\/\/fundaciosetba.org\/gerard-pujol-es\/"},"modified":"2022-04-11T16:29:57","modified_gmt":"2022-04-11T15:29:57","slug":"gerard-pujol-es","status":"publish","type":"post","link":"https:\/\/fundaciosetba.org\/es\/gerard-pujol-es\/","title":{"rendered":"Entrevista a Gerard Pujol"},"content":{"rendered":"<p>Entrevistamos al ganador del premio art\u00edstico de &#8220;El Balc\u00f3 de les Arts&#8221; (&#8220;El Balc\u00f3n de las Artes&#8221;) 2020, Gerard Pujol de la Fundaci\u00f3n Sant Tom\u00e0s &#8211; Centro Ocupacional\u00a0Calldetenes.<\/p>\n<p>Para llevar a cabo la entrevista, hemos tenido la colaboraci\u00f3n de Anna Freixas, educadora del centro, quien ha acompa\u00f1ado a Gerard Pujol mientras le hac\u00edamos las preguntas a trav\u00e9s de una\u00a0videollamada. Pujol nos explica sus sensaciones al ganar el primer premio por su obra &#8220;Bona nit&#8221; (&#8220;Buenas noches&#8221;).<\/p>\n<p>&nbsp;<\/p>\n<p><strong>\u00bfEs la primera vez que te presentas al certamen de pintura de \u201cEl Balc\u00f3 de les Arts\u201d (\u201cEl Balc\u00f3n de las Artes\u201d)?<\/strong><\/p>\n<p><em><span style=\"color: #808080;\">No, ya me present\u00e9 hace dos a\u00f1os con otro dibujo que ten\u00eda pintura y tambi\u00e9n hab\u00eda letras escritas que se titulaba Jo vull (Yo quiero).<\/span><\/em><\/p>\n<p><strong>\u00bfTe presentaste al concurso por qu\u00e9 te gusta pintar?<\/strong><\/p>\n<p><em><span style=\"color: #808080;\">He pintado, pero no mucho, aunque ahora m\u00e1s recientemente he pintado m\u00e1s. Aqu\u00ed al taller del Centro nos explicaron que se hac\u00eda un concurso y nos preguntaron si nos quer\u00edamos presentar. Yo ten\u00eda ganas y me apunt\u00e9, a ver si ganaba alg\u00fan premio y tambi\u00e9n porque me lo paso bien.<\/span><\/em><\/p>\n<p><strong>Aparte de escribir y dibujar, \u00bfque m\u00e1s te gusta hacer?<\/strong><\/p>\n<p><span style=\"color: #808080;\"><em>Tambi\u00e9n me gusta mucho la jardiner\u00eda, que es otra actividad que basura en el centro. Tambi\u00e9n me gusta hacer una actividad que se llama manipulativas porque es muy creativa. Hagamos libretas, llaveros y despu\u00e9s los vendemos.<\/em><\/span><\/p>\n<p><strong>\u00bfEn qu\u00e9 te inspiraste para hacer lo obra \u201cBuenas noches\u201d?<\/strong><\/p>\n<p><em><span style=\"color: #808080;\">En los colores. La Anna nos reparti\u00f3 unos colores y yo eleg\u00ed algunos que me gustaban. A partir de aqu\u00ed hicimos pruebas y dibujos con unos pinceles muy grandes y encontr\u00e9 la manera de hacerlo. Con aquellos colores y las brochas grandes que ten\u00edamos en el centro me inspir\u00e9. Despu\u00e9s estuvimos pensando el nombre del cuadro, y como que a m\u00ed me gusta mucho escribir quer\u00eda posar letras. Estuve pensando qu\u00e9 nombre me inspiraba el cuadro y como que es de colores oscuros pens\u00e9 a decirle Buenas noches y a todo el mundo le gust\u00f3 el nombre.<\/span><\/em><\/p>\n<p><strong>\u00bfTe esperabas ganar el primer premio? \u00bfC\u00f3mo te sentiste cuando escuchaste tu nombre?<\/strong><\/p>\n<p><span style=\"color: #808080;\"><em>No me lo esperaba nada porque se hab\u00eda presentado muchas personas y cuando sent\u00ed mi nombre me pos\u00e9 muy contento. Al principio no me lo cre\u00eda.<\/em><\/span><\/p>\n<p><strong>Y ahora, \u00bfqu\u00e9 har\u00e1s? \u00bfQuieres\u00a0seguir pintando?<\/strong><\/p>\n<p><span style=\"color: #808080;\"><em>Si, por qu\u00e9 me lo paso bien pintando y escribiendo, me gusta mucho. En el Centro hagamos una actividad que se llama Arte y dise\u00f1o y all\u00e1 puedo pintar, hacer dibujos, letras, colores y todo esto sirve para hacer diferentes proyectos de dise\u00f1o. Nuestro equipo se llama Aut\u00e9ntico y todo el que basura es muy \u00fatil por qu\u00e9 lo aprovechamos para dise\u00f1ar todo aquello que el cliente nos pide. <\/em><\/span><\/p>\n<p><span style=\"color: #808080;\"><em>(para m\u00e1s informaci\u00f3n sobre el proyecto Aut\u00e9ntico, pod\u00e9is visitar la p\u00e1gina web www.autentic.cat ).<\/em><\/span><\/p>\n<p><strong>\u00bfYa has usado el lote de pinturas que ganaste al concurso?<\/strong><\/p>\n<p><span style=\"color: #808080;\"><em>No, todav\u00eda las tengo que estrenar. He comprado una tela y tengo que empezar a pintarla pero no s\u00e9 cu\u00e1ndo. Un d\u00eda que est\u00e9 en casa tranquilamente me posar\u00e9 a pintar.<\/em><\/span><\/p>\n<p><strong>\u00bfTe ha gustado participar en la Sesi\u00f3n Creativa en La Casa de Carlota?<\/strong><\/p>\n<p><span style=\"color: #808080;\"><em>Estuve all\u00e1 con V\u00edctor que es el chico que qued\u00f3 segundo e Inma que se conect\u00f3 con el ordenador. Hicimos unos tampones con patata, lo prensamos con tinta en una hoja y qued\u00f3 bien. Despu\u00e9s hicimos n\u00fameros con rotuladores y fuimos pintando. Nos lo pasamos muy bien.<\/em><\/span><\/p>\n<p><strong>\u00bfC\u00f3mo te sientes cuando pintas?<\/strong><\/p>\n<p><span style=\"color: #808080;\"><em>Me siento bien, me gusta mucho. Estoy muy concentrado cuando pinto y cuando escribo, por qu\u00e9 me puedo expresar como quiero. Hay d\u00edas que me viene m\u00e1s de gusto escribir y otros d\u00edas dibujo o pinto con los colores y es el que m\u00e1s me gusta.<\/em><\/span><\/p>\n<p>&nbsp;<\/p>\n<p>&nbsp;<\/p>\n<p><strong>\u00a0<\/strong><\/p>\n<p>&nbsp;<\/p>\n<p>&nbsp;<\/p>\n<p>&nbsp;<\/p>\n<p>&nbsp;<\/p>\n","protected":false},"excerpt":{"rendered":"<p>Ganador del primer premio art\u00edstico de &#8220;El Balc\u00f3 de les Arts&#8221; 2020, por la obra &#8220;Bona nit&#8221;<\/p>\n","protected":false},"author":1,"featured_media":0,"comment_status":"closed","ping_status":"closed","sticky":false,"template":"","format":"standard","meta":{"footnotes":""},"categories":[1243,1239],"tags":[],"class_list":["post-29294","post","type-post","status-publish","format-standard","hentry","category-entrevistas","category-premio-setba"],"_links":{"self":[{"href":"https:\/\/fundaciosetba.org\/es\/wp-json\/wp\/v2\/posts\/29294","targetHints":{"allow":["GET"]}}],"collection":[{"href":"https:\/\/fundaciosetba.org\/es\/wp-json\/wp\/v2\/posts"}],"about":[{"href":"https:\/\/fundaciosetba.org\/es\/wp-json\/wp\/v2\/types\/post"}],"author":[{"embeddable":true,"href":"https:\/\/fundaciosetba.org\/es\/wp-json\/wp\/v2\/users\/1"}],"replies":[{"embeddable":true,"href":"https:\/\/fundaciosetba.org\/es\/wp-json\/wp\/v2\/comments?post=29294"}],"version-history":[{"count":2,"href":"https:\/\/fundaciosetba.org\/es\/wp-json\/wp\/v2\/posts\/29294\/revisions"}],"predecessor-version":[{"id":30921,"href":"https:\/\/fundaciosetba.org\/es\/wp-json\/wp\/v2\/posts\/29294\/revisions\/30921"}],"wp:attachment":[{"href":"https:\/\/fundaciosetba.org\/es\/wp-json\/wp\/v2\/media?parent=29294"}],"wp:term":[{"taxonomy":"category","embeddable":true,"href":"https:\/\/fundaciosetba.org\/es\/wp-json\/wp\/v2\/categories?post=29294"},{"taxonomy":"post_tag","embeddable":true,"href":"https:\/\/fundaciosetba.org\/es\/wp-json\/wp\/v2\/tags?post=29294"}],"curies":[{"name":"wp","href":"https:\/\/api.w.org\/{rel}","templated":true}]}}