{"id":29313,"date":"2020-09-23T00:00:00","date_gmt":"2020-09-22T23:00:00","guid":{"rendered":"https:\/\/fundaciosetba.org\/gala-el-balco-de-les-arts-2020-es\/"},"modified":"2022-04-11T16:29:42","modified_gmt":"2022-04-11T15:29:42","slug":"gala-el-balco-de-les-arts-2020-es","status":"publish","type":"post","link":"https:\/\/fundaciosetba.org\/es\/gala-el-balco-de-les-arts-2020-es\/","title":{"rendered":"Gala Premio Setba 2020"},"content":{"rendered":"<p>Un centenar de personas asistieron a la entrega premios de &#8220;El Balc\u00f3 de les Arts&#8221; (&#8220;El Balc\u00f3n de las Artes&#8221;) en el Cosmocaixa Barcelona, <strong>destinados a artistas con discapacidad intelectual.<\/strong><\/p>\n<p>Durante la celebraci\u00f3n, que <strong>se pudo seguir por\u00a0streaming<\/strong>\u00a0a trav\u00e9s del canal de\u00a0<a href=\"https:\/\/www.youtube.com\/watch?v=DO2hgj900ew\">Youtube<\/a>\u00a0de la Fundaci\u00f3n, se anunciaron los nombres de los finalistas y se hizo entrega de los premios a los ganadores del certamen art\u00edstico y de dise\u00f1o.<\/p>\n<p><strong>El premio en la categor\u00eda de dise\u00f1o de\u00a0Bardinet\u00a0se lo llev\u00f3 Jos\u00e9 Maria Escobar<\/strong> del grupo &#8220;Asproseat\u00a0&#8211; Centro Ocupacional 1981&#8221;. Este premio da la oportunidad al artista de convertir su obra en la etiqueta del nuevo vino tinto DO Pened\u00e8s &#8220;Legado&#8221;\u00a0de\u00a0Lacrima\u00a0Baccus.<\/p>\n<p><a ref=\"magnificPopup\" href=\"https:\/\/fundaciosetba.org\/wp-content\/uploads\/2020\/09\/IMG_5663-copia.jpg\"><img loading=\"lazy\" decoding=\"async\" class=\"alignleft wp-image-19969 size-large\" src=\"https:\/\/fundaciosetba.org\/wp-content\/uploads\/2021\/12\/IMG_5663-copia-1024x683.jpg\" alt='IMG_5663 copia' width=\"604\" height=\"403\" \/><\/a><\/p>\n<p>&nbsp;<\/p>\n<p>Los tres ganadores en la categor\u00eda art\u00edstica fueron:<\/p>\n<p>&#8211; Primer premio: <strong>Gerard Pujol por la obra &#8220;Bona nit&#8221;<\/strong> de la Fundaci\u00f3n San Tom\u00e1s &#8211;\u00a0Centre\u00a0Ocupacional\u00a0Calldetenes<\/p>\n<p><a ref=\"magnificPopup\" href=\"https:\/\/fundaciosetba.org\/wp-content\/uploads\/2020\/09\/1er-premi-artistic.jpg\"><img loading=\"lazy\" decoding=\"async\" class=\"alignleft size-medium wp-image-19973\" src=\"https:\/\/fundaciosetba.org\/wp-content\/uploads\/2021\/12\/1er-premi-artistic-212x300.jpg\" alt='1er premi artistic' width=\"212\" height=\"300\" \/><\/a><\/p>\n<p>&#8211; Segundo premio: <strong>V\u00edctor Lahoz<\/strong> de la asociaci\u00f3n &#8220;Asproseat\u00a0&#8211; Centro Ocupacional La Marina&#8221;, <strong>por la obra &#8220;Corteza\u00a0de\u00a0\u00e1rbol&#8221;<\/strong><\/p>\n<p><a ref=\"magnificPopup\" href=\"https:\/\/fundaciosetba.org\/wp-content\/uploads\/2020\/09\/2n-premi-artistic.jpg\"><img loading=\"lazy\" decoding=\"async\" class=\"alignleft size-medium wp-image-19977\" src=\"https:\/\/fundaciosetba.org\/wp-content\/uploads\/2021\/12\/2n-premi-artistic-214x300.jpg\" alt='2n premi artistic' width=\"214\" height=\"300\" \/><\/a><\/p>\n<p>&#8211; Tercer premio: <strong>Inma\u00a0Barrios\u00a0Manzano<\/strong> de la Fundaci\u00f3n\u00a0Estimia, <strong>por la obra &#8220;M\u00faltiplo&#8221;<\/strong><\/p>\n<p><a ref=\"magnificPopup\" href=\"https:\/\/fundaciosetba.org\/wp-content\/uploads\/2020\/09\/3r-premi-artistic.jpg\"><img loading=\"lazy\" decoding=\"async\" class=\"alignleft size-medium wp-image-19981\" src=\"https:\/\/fundaciosetba.org\/wp-content\/uploads\/2021\/12\/3r-premi-artistic-218x300.jpg\" alt='3r premi artistic' width=\"218\" height=\"300\" \/><\/a><\/p>\n<p>En esta categor\u00eda, los finalistas y los premiados tienen la oportunidad de participar en una sesi\u00f3n de trabajo en el estudio de dise\u00f1o &#8220;La Casa de Carlota&#8221;, donde pueden descubrir de primera mano el trabajo que se hace y crear \u00edntegramente el calendario &#8220;El Balc\u00f3 de les Arts&#8221; 2021.<\/p>\n<p><a ref=\"magnificPopup\" href=\"https:\/\/fundaciosetba.org\/wp-content\/uploads\/2020\/09\/IMG_5788-copia.jpg\"><img loading=\"lazy\" decoding=\"async\" class=\"alignleft wp-image-19985 size-large\" src=\"https:\/\/fundaciosetba.org\/wp-content\/uploads\/2021\/12\/IMG_5788-copia-1024x683.jpg\" alt='IMG_5788 copia' width=\"604\" height=\"403\" \/><\/a><\/p>\n<p>Durante el acto, intervinieron el director de Cosmocaixa,\u00a0Valent\u00ed\u00a0Farr\u00e0s; que agradeci\u00f3 el trabajo de la Fundaci\u00f3n\u00a0Setba\u00a0para compartir los valores de la Obra Social de la Caixa contribuyendo a construir una sociedad m\u00e1s justa y para impulsar la sociedad a trav\u00e9s de programas que ayudan a desarrollar las capacidades creativas; el presidente de la Fundaci\u00f3n\u00a0Setba, Dar\u00edo\u00a0Olaortua;\u00a0telem\u00e1ticament\u00a0desde Chile para explicarnos el nacimiento de Fundaci\u00f3n\u00a0Setba\u00a0Chile; y la directora de los Servicios Territoriales de Barcelona del Departamento de Cultura, Maria \u00c0ngels Torras, que record\u00f3 que involucrarse en temas sociales es una\u00a0resposabilidad colectiva.<\/p>\n<p>Estos premios, organizados por la Fundaci\u00f3n\u00a0Setba, tienen como objetivo <strong>dignificar el trabajo y el talento de los artistas con discapacidad intelectual<\/strong>, d\u00e1ndoles un trato igualitario, promover su integraci\u00f3n y demostrar p\u00fablicamente que el arte y el dise\u00f1o no entienden de barreras.<\/p>\n<p><a ref=\"magnificPopup\" href=\"https:\/\/fundaciosetba.org\/wp-content\/uploads\/2020\/09\/IMG_5787-copia.jpg\"><img loading=\"lazy\" decoding=\"async\" class=\"alignleft wp-image-19989 size-large\" src=\"https:\/\/fundaciosetba.org\/wp-content\/uploads\/2021\/12\/IMG_5787-copia-1024x683.jpg\" alt='IMG_5787 copia' width=\"604\" height=\"403\" \/><\/a><\/p>\n","protected":false},"excerpt":{"rendered":"<p>Entrega de premios &#8220;El Balc\u00f3 de les Arts&#8221; a artistas con discapacidad intelectual<\/p>\n","protected":false},"author":1,"featured_media":0,"comment_status":"closed","ping_status":"closed","sticky":false,"template":"","format":"standard","meta":{"footnotes":""},"categories":[1239],"tags":[],"class_list":["post-29313","post","type-post","status-publish","format-standard","hentry","category-premio-setba"],"_links":{"self":[{"href":"https:\/\/fundaciosetba.org\/es\/wp-json\/wp\/v2\/posts\/29313","targetHints":{"allow":["GET"]}}],"collection":[{"href":"https:\/\/fundaciosetba.org\/es\/wp-json\/wp\/v2\/posts"}],"about":[{"href":"https:\/\/fundaciosetba.org\/es\/wp-json\/wp\/v2\/types\/post"}],"author":[{"embeddable":true,"href":"https:\/\/fundaciosetba.org\/es\/wp-json\/wp\/v2\/users\/1"}],"replies":[{"embeddable":true,"href":"https:\/\/fundaciosetba.org\/es\/wp-json\/wp\/v2\/comments?post=29313"}],"version-history":[{"count":2,"href":"https:\/\/fundaciosetba.org\/es\/wp-json\/wp\/v2\/posts\/29313\/revisions"}],"predecessor-version":[{"id":30920,"href":"https:\/\/fundaciosetba.org\/es\/wp-json\/wp\/v2\/posts\/29313\/revisions\/30920"}],"wp:attachment":[{"href":"https:\/\/fundaciosetba.org\/es\/wp-json\/wp\/v2\/media?parent=29313"}],"wp:term":[{"taxonomy":"category","embeddable":true,"href":"https:\/\/fundaciosetba.org\/es\/wp-json\/wp\/v2\/categories?post=29313"},{"taxonomy":"post_tag","embeddable":true,"href":"https:\/\/fundaciosetba.org\/es\/wp-json\/wp\/v2\/tags?post=29313"}],"curies":[{"name":"wp","href":"https:\/\/api.w.org\/{rel}","templated":true}]}}