{"id":29314,"date":"2020-11-04T00:00:00","date_gmt":"2020-11-03T23:00:00","guid":{"rendered":"https:\/\/fundaciosetba.org\/imaginadornes-01-es\/"},"modified":"2022-04-12T08:30:49","modified_gmt":"2022-04-12T07:30:49","slug":"imaginadornes-01-es","status":"publish","type":"post","link":"https:\/\/fundaciosetba.org\/es\/imaginadornes-01-es\/","title":{"rendered":"IMAGINADO(R)NES, un proyecto con la Fundaci\u00f3 de l&#8217;Esperan\u00e7a"},"content":{"rendered":"<p>IMAGINADO(R)NES\u00a0es un proyecto art\u00edstico de empoderamiento femenino, organizado con la Fundaci\u00f3 de l&#8217;Esperan\u00e7a, y que se les hace a las mujeres que viven en la Casa de Rec\u00e9s.<\/p>\n<p>El proyecto, que recibe la direcci\u00f3n art\u00edstica de la\u00a0fotografa\u00a0y activista Marta F\u00e0bregas, tiene como punto de partida la fotograf\u00eda de una mujer africana\u00a0llevando un recipiente de agua en la cabeza. Una imagen poco positiva, que nos remite al papel que tienen muchas mujeres, responsables de las tareas m\u00e1s duras, cuyas las impiden acceder en la educaci\u00f3n y al empoderamiento.<\/p>\n<p>El proyecto quiere dar la vuelta a la imagen y trabajar la capacidad de imaginar y la visualizaci\u00f3n que las mujeres hacen de su futuro, a trav\u00e9s de la t\u00e9cnica del collage y de la transferencia de im\u00e1genes. Imaginar es el primer paso para empezar a construir, para despu\u00e9s continuar trabajando para modelar una vida y un horizonte.<\/p>\n<p>Durante las sesiones se trabaja en base en tres \u00e1mbitos: la experiencia, el crecimiento y la contribuci\u00f3n a la sociedad. El objetivo es que las mujeres participantes al taller se hagan preguntas sobre los tres, para pasar del pensamiento a la idea, identificar las palabras claves para transformarlas en im\u00e1genes, dibujos, colores, texturas y finalmente en composiciones est\u00e9ticas y art\u00edsticas.<\/p>\n<p>Adem\u00e1s de la parte te\u00f3rica, se ense\u00f1ar\u00e1 a las participantes la t\u00e9cnica de transferir im\u00e1genes sobre una tela, que dar\u00e1 lugar a las obras finales, una por mujer, sustituyendo as\u00ed las fotograf\u00edas que actualmente est\u00e1n colgadas en la sala de la Casa de Receso. El resultado ser\u00e1 una serie de telas montadas sobre un bastidor de\u00a0120x40cm\u00a0con la composici\u00f3n transferida, que visualizar\u00e1 aquello que las mujeres llevan en la \u201ccabeza\u201d y como imaginan su futuro.<\/p>\n<p><a ref=\"magnificPopup\" href=\"https:\/\/fundaciosetba.org\/wp-content\/uploads\/2020\/11\/marta-f\u00e0bregas.jpg\"><img loading=\"lazy\" decoding=\"async\" class=\"alignleft wp-image-20007 size-large\" src=\"https:\/\/fundaciosetba.org\/wp-content\/uploads\/2020\/11\/marta-f\u00e0bregas-724x1024.jpg\" alt=\"marta f\u00e0bregas\" width=\"604\" height=\"854\" \/><\/a><\/p>\n<div class=\"traductor-textarea form-group\">\n<div class=\"textarea-desti col-xs-12 col-sm-6\">\n<div class=\"form-control second-textarea\"><strong>Objetivos:<\/strong><br \/>\n&#8211; Trabajo del concepto est\u00e9tico y art\u00edstico a trav\u00e9s de la t\u00e9cnica del collage y transferencia de im\u00e1genes<br \/>\n&#8211; Trabajo en equipo para favorecer la convivencia y mejorar la convivencia de grupo<br \/>\n&#8211; Trabajo de autoconocimiento para ayudar a las participantes a visualizar su futuro<br \/>\n&#8211; Empoderamiento<strong>ORGANIZADORES:<\/strong><br \/>\nFundaci\u00f3 de l&#8217;Esperan\u00e7a<br \/>\nFundaci\u00f3 Setba<\/p>\n<\/div>\n<div class=\"form-control second-textarea\"><strong>COLABORADORES:<\/strong><br \/>\nBarna\u00a0Art<br \/>\nIEFC<br \/>\nLa Fotogr\u00e0fica<\/div>\n<\/div>\n<\/div>\n<div class=\"traductor-checkbox form-group\"><\/div>\n","protected":false},"excerpt":{"rendered":"<p>Proyecto art\u00edstico de empoderamiento femenino en la Casa Rec\u00e9s<\/p>\n","protected":false},"author":1,"featured_media":0,"comment_status":"closed","ping_status":"closed","sticky":false,"template":"","format":"standard","meta":{"footnotes":""},"categories":[1090],"tags":[],"class_list":["post-29314","post","type-post","status-publish","format-standard","hentry","category-noticias"],"_links":{"self":[{"href":"https:\/\/fundaciosetba.org\/es\/wp-json\/wp\/v2\/posts\/29314","targetHints":{"allow":["GET"]}}],"collection":[{"href":"https:\/\/fundaciosetba.org\/es\/wp-json\/wp\/v2\/posts"}],"about":[{"href":"https:\/\/fundaciosetba.org\/es\/wp-json\/wp\/v2\/types\/post"}],"author":[{"embeddable":true,"href":"https:\/\/fundaciosetba.org\/es\/wp-json\/wp\/v2\/users\/1"}],"replies":[{"embeddable":true,"href":"https:\/\/fundaciosetba.org\/es\/wp-json\/wp\/v2\/comments?post=29314"}],"version-history":[{"count":1,"href":"https:\/\/fundaciosetba.org\/es\/wp-json\/wp\/v2\/posts\/29314\/revisions"}],"predecessor-version":[{"id":30786,"href":"https:\/\/fundaciosetba.org\/es\/wp-json\/wp\/v2\/posts\/29314\/revisions\/30786"}],"wp:attachment":[{"href":"https:\/\/fundaciosetba.org\/es\/wp-json\/wp\/v2\/media?parent=29314"}],"wp:term":[{"taxonomy":"category","embeddable":true,"href":"https:\/\/fundaciosetba.org\/es\/wp-json\/wp\/v2\/categories?post=29314"},{"taxonomy":"post_tag","embeddable":true,"href":"https:\/\/fundaciosetba.org\/es\/wp-json\/wp\/v2\/tags?post=29314"}],"curies":[{"name":"wp","href":"https:\/\/api.w.org\/{rel}","templated":true}]}}