{"id":29318,"date":"2020-11-04T00:00:00","date_gmt":"2020-11-03T23:00:00","guid":{"rendered":"https:\/\/fundaciosetba.org\/magistrals-palau-robert\/"},"modified":"2022-04-11T16:28:52","modified_gmt":"2022-04-11T15:28:52","slug":"magistrals-palau-robert","status":"publish","type":"post","link":"https:\/\/fundaciosetba.org\/es\/magistrals-palau-robert\/","title":{"rendered":"MAGISTRALS, una exposici\u00f3n en el Palau Robert con las obras del Premio Setba"},"content":{"rendered":"<p>Os invitamos a la exposici\u00f3n &#8220;MAGISTRALS&#8221;, organizada por la Fundaci\u00f3n\u00a0Setba, que se podr\u00e1 visitar hasta el 29 de noviembre en el Jard\u00edn del Palau Robert de Barcelona.<\/p>\n<p>&#8220;MAGISTRALS&#8221; es una exposici\u00f3n fotogr\u00e1fica que muestra la trayectoria de los diez a\u00f1os del Premio\u00a0Setba, un certamen de pintura destinado a artistas con discapacidad intelectual. Actualmente, se trata del premio mejor dotado del Estado espa\u00f1ol que re\u00fane profesionales del mundo del arte, alumnos de Bellas artes, entidades y fundaciones con un mismo objetivo: detectar y reconocer el talento de estos artistas \u201cmagistrales\u201d.<\/p>\n<p>Desde el 2011, se han presentado 4.886 obras, procedentes de 135 entidades diferentes. De estas 4.886 obras s\u00f3lo se han seleccionado 200, puesto que cada a\u00f1o se escogen 20. Durante estos diez a\u00f1os han formado parte del jurado los cr\u00edticos de arte\u00a0Mery\u00a0Cuesta y Ricard Mas Peinado; los artistas Pep Camps, Nuria\u00a0Guinovart\u00a0y Roser\u00a0Oduber; el galerista Raimon Maragall; Gl\u00f2ria Cid i Isabel Abad de la Fundaci\u00f3n \u201dla Caixa\u201d; Josep F\u00e8lix\u00a0Bentz, presidente de la Reial Cercle Art\u00edstic de Barcelona; Josep Manuel\u00a0Jaurena, gerente de la empresa Art Mir, y Bel\u00e9n Gracia i Cristina\u00a0Sampere, de la Fundaci\u00f3n\u00a0Setba.<\/p>\n<p>Atendida la demanda en formaci\u00f3n art\u00edstica por parte de las entidades que trabajan con discapacidad intelectual, la Fundaci\u00f3n\u00a0Setba\u00a0pone en marcha, a partir del 2020, el proyecto MAGISTRALES, a cargo del pintor Jaime\u00a0S\u00fanico, para potenciar la creatividad y detectar el talento de sus usuarios. Este a\u00f1o, a causa de la covid-19, las sesiones se han tenido que reorganizar y se har\u00e1n telem\u00e1ticamente.<\/p>\n<p>Seg\u00fan datos del Departamento de Trabajo, Asuntos Sociales y Familias de la Generalitat de Catalu\u00f1a, el 2019 se contabilizaron un total de 66.741 personas con una discapacidad intelectual de m\u00e1s del 33% en Catalu\u00f1a.<\/p>\n<p><a ref=\"magnificPopup\" href=\"https:\/\/fundaciosetba.org\/wp-content\/uploads\/2020\/11\/IMG_3860.jpg\"><img loading=\"lazy\" decoding=\"async\" class=\"alignleft size-large wp-image-20024\" src=\"https:\/\/fundaciosetba.org\/wp-content\/uploads\/2021\/12\/IMG_3860-1024x768.jpg\" alt='IMG_3860' width=\"604\" height=\"453\" \/><\/a><\/p>\n<p>&nbsp;<\/p>\n<p>&nbsp;<\/p>\n<p>&nbsp;<\/p>\n<p>&nbsp;<\/p>\n<p>&nbsp;<\/p>\n<p>&nbsp;<\/p>\n<p>&nbsp;<\/p>\n<p>&nbsp;<\/p>\n<p>Organiza: Fundaci\u00f3n Setba<br \/>\nCon el apoyo del: Palau Robert. Generalitat de Catalunya, Generalitat de Catalunya, Diputaci\u00f3 de Barcelona, Dincat, La Fotogr\u00e0fica, Maquillaje Tutusaus<br \/>\nEntidades: CIPO, Centre Ocupacional Les Corts, Fundaci\u00f3 Catalana S\u00edndrome de Down, Fundaci\u00f3 Estimia, Sant Tom\u00e0s, associaci\u00f3 Alba, Asproseat<\/p>\n","protected":false},"excerpt":{"rendered":"<p>Exposici\u00f3n de los diez a\u00f1os del Premio Setba<\/p>\n","protected":false},"author":1,"featured_media":0,"comment_status":"closed","ping_status":"closed","sticky":false,"template":"","format":"standard","meta":{"footnotes":""},"categories":[1237],"tags":[],"class_list":["post-29318","post","type-post","status-publish","format-standard","hentry","category-magistrales"],"_links":{"self":[{"href":"https:\/\/fundaciosetba.org\/es\/wp-json\/wp\/v2\/posts\/29318","targetHints":{"allow":["GET"]}}],"collection":[{"href":"https:\/\/fundaciosetba.org\/es\/wp-json\/wp\/v2\/posts"}],"about":[{"href":"https:\/\/fundaciosetba.org\/es\/wp-json\/wp\/v2\/types\/post"}],"author":[{"embeddable":true,"href":"https:\/\/fundaciosetba.org\/es\/wp-json\/wp\/v2\/users\/1"}],"replies":[{"embeddable":true,"href":"https:\/\/fundaciosetba.org\/es\/wp-json\/wp\/v2\/comments?post=29318"}],"version-history":[{"count":1,"href":"https:\/\/fundaciosetba.org\/es\/wp-json\/wp\/v2\/posts\/29318\/revisions"}],"predecessor-version":[{"id":30787,"href":"https:\/\/fundaciosetba.org\/es\/wp-json\/wp\/v2\/posts\/29318\/revisions\/30787"}],"wp:attachment":[{"href":"https:\/\/fundaciosetba.org\/es\/wp-json\/wp\/v2\/media?parent=29318"}],"wp:term":[{"taxonomy":"category","embeddable":true,"href":"https:\/\/fundaciosetba.org\/es\/wp-json\/wp\/v2\/categories?post=29318"},{"taxonomy":"post_tag","embeddable":true,"href":"https:\/\/fundaciosetba.org\/es\/wp-json\/wp\/v2\/tags?post=29318"}],"curies":[{"name":"wp","href":"https:\/\/api.w.org\/{rel}","templated":true}]}}