{"id":29325,"date":"2020-11-04T00:00:00","date_gmt":"2020-11-03T23:00:00","guid":{"rendered":"https:\/\/fundaciosetba.org\/natura-es-cultura-manresa\/"},"modified":"2022-04-12T10:06:01","modified_gmt":"2022-04-12T09:06:01","slug":"natura-es-cultura-manresa","status":"publish","type":"post","link":"https:\/\/fundaciosetba.org\/es\/natura-es-cultura-manresa\/","title":{"rendered":"La exposici\u00f3n \u201cNatura \u00e9s Cultura\u201d cierra con \u00e9xito de visitantes"},"content":{"rendered":"<p style=\"text-align: justify;\">Alrededor de 300 personas han pasado por la exposici\u00f3n fotogr\u00e1fica de Oriol\u00a0Segon\u00a0Torra sobre el proyecto &#8220;Natura \u00e9s Cultura&#8221; de la Fundaci\u00f3n\u00a0Setba, el <strong>trabajo art\u00edstico de personas de entidades de salud mental de Catalu\u00f1a<\/strong> en el bosque de la Torre dels Soldats d&#8217;Aviny\u00f3 (Bages).<\/p>\n<p style=\"text-align: justify;\"><a ref=\"magnificPopup\" href=\"https:\/\/fundaciosetba.org\/wp-content\/uploads\/2020\/11\/WhatsApp-Image-2020-10-08-at-18.36.43.jpeg\"><img loading=\"lazy\" decoding=\"async\" class=\"alignleft size-large wp-image-20031\" src=\"https:\/\/fundaciosetba.org\/wp-content\/uploads\/2021\/12\/WhatsApp-Image-2020-10-08-at-18.36.43-768x1024.jpg\" alt=\"WhatsApp Image 2020-10-08 at 18.36.43\" width=\"604\" height=\"805\" \/><\/a><\/p>\n<p style=\"text-align: justify;\">La intervenci\u00f3n, organizada por la Fundaci\u00f3n\u00a0Setba\u00a0desde 2017, tiene por objetivo dar un respiro a los usuarios y fomentar la inclusi\u00f3n de estas personas a la sociedad, a trav\u00e9s de sus manifestaciones art\u00edsticas. La direcci\u00f3n art\u00edstica del proyecto ha ido a cargo de Quim Moya, artista, gestor cultural y codirector de la residencia de artistas\u00a0Cal Gras de Avi\u00f1\u00f3n, y han participado estudiantes de escuelas de arte, como la de Manresa.<\/p>\n<p>Los participantes del proyecto, que provienen de diferentes entidades de salud mental de Catalu\u00f1a como Radio\u00a0Nikosia\u00a0o de la Fundaci\u00f3n\u00a0Althaia, han intervenido sobre el bosque de la Torre dels Soldats, en el Camino Ganadero Central de Avi\u00f1\u00f3n, siguiendo el paso que dej\u00f3 el pintor y escultor vasco Agust\u00edn\u00a0Ibarrola\u00a0en el bosque de\u00a0Oma\u00a0(Bizkaia), con una perfecta complicidad entre arte y en torno natural.<\/p>\n<p style=\"text-align: justify;\"><a ref=\"magnificPopup\" href=\"https:\/\/fundaciosetba.org\/wp-content\/uploads\/2020\/11\/WhatsApp-Image-2020-10-08-at-18.37.10.jpeg\"><img loading=\"lazy\" decoding=\"async\" class=\"alignleft size-large wp-image-20035\" src=\"https:\/\/fundaciosetba.org\/wp-content\/uploads\/2021\/12\/WhatsApp-Image-2020-10-08-at-18.37.10-1024x768.jpg\" alt=\"WhatsApp Image 2020-10-08 at 18.37.10\" width=\"604\" height=\"453\" \/><\/a><\/p>\n<p style=\"text-align: justify;\">Esta propuesta creativa est\u00e1 enmarcada dentro de los principios del \u201cLand\u00a0Art\u201d (Arte terrestre), donde las pinturas utilizadas no\u00a0da\u00f1an a los \u00e1rboles, porque solo act\u00faan en la corteza. Adem\u00e1s, se integra dentro de un proyecto de recuperaci\u00f3n de los caminos de trashumancia del Ayuntamiento de Avi\u00f1\u00f3n y de la t\u00e9cnica de la Piedra Seca, de la cual se visiona en el audiovisual de la exposici\u00f3n.<\/p>\n<p>\u201cNatura \u00e9s Cultura\u201d cuenta con el apoyo de Pinturas\u00a0Lepanto, Capital\u00a0Care, Ayuntamiento d&#8217;aviny\u00f3,\u00a0Cal Gras y Diputaci\u00f3n de Barcelona.<\/p>\n","protected":false},"excerpt":{"rendered":"<p>Exposici\u00f3n sobre la intervenci\u00f3n art\u00edstica en el bosque de la Torre dels Soldats d&#8217;Aviny\u00f3 a cargo de usuarios de entidades de Salud Mental de Catalu\u00f1a<\/p>\n","protected":false},"author":1,"featured_media":29322,"comment_status":"closed","ping_status":"closed","sticky":false,"template":"","format":"standard","meta":{"footnotes":""},"categories":[1242],"tags":[],"class_list":["post-29325","post","type-post","status-publish","format-standard","has-post-thumbnail","hentry","category-natura-es-cultura-2"],"_links":{"self":[{"href":"https:\/\/fundaciosetba.org\/es\/wp-json\/wp\/v2\/posts\/29325","targetHints":{"allow":["GET"]}}],"collection":[{"href":"https:\/\/fundaciosetba.org\/es\/wp-json\/wp\/v2\/posts"}],"about":[{"href":"https:\/\/fundaciosetba.org\/es\/wp-json\/wp\/v2\/types\/post"}],"author":[{"embeddable":true,"href":"https:\/\/fundaciosetba.org\/es\/wp-json\/wp\/v2\/users\/1"}],"replies":[{"embeddable":true,"href":"https:\/\/fundaciosetba.org\/es\/wp-json\/wp\/v2\/comments?post=29325"}],"version-history":[{"count":2,"href":"https:\/\/fundaciosetba.org\/es\/wp-json\/wp\/v2\/posts\/29325\/revisions"}],"predecessor-version":[{"id":31185,"href":"https:\/\/fundaciosetba.org\/es\/wp-json\/wp\/v2\/posts\/29325\/revisions\/31185"}],"wp:featuredmedia":[{"embeddable":true,"href":"https:\/\/fundaciosetba.org\/es\/wp-json\/wp\/v2\/media\/29322"}],"wp:attachment":[{"href":"https:\/\/fundaciosetba.org\/es\/wp-json\/wp\/v2\/media?parent=29325"}],"wp:term":[{"taxonomy":"category","embeddable":true,"href":"https:\/\/fundaciosetba.org\/es\/wp-json\/wp\/v2\/categories?post=29325"},{"taxonomy":"post_tag","embeddable":true,"href":"https:\/\/fundaciosetba.org\/es\/wp-json\/wp\/v2\/tags?post=29325"}],"curies":[{"name":"wp","href":"https:\/\/api.w.org\/{rel}","templated":true}]}}