{"id":29335,"date":"2020-11-04T00:00:00","date_gmt":"2020-11-03T23:00:00","guid":{"rendered":"https:\/\/fundaciosetba.org\/traspassant-lobjectiu-cloenda-1\/"},"modified":"2022-04-11T16:29:16","modified_gmt":"2022-04-11T15:29:16","slug":"traspassant-lobjectiu-cloenda-1","status":"publish","type":"post","link":"https:\/\/fundaciosetba.org\/es\/traspassant-lobjectiu-cloenda-1\/","title":{"rendered":"Traspassant l&#8217;Objectiu,  l&#8217;apoderament de la dona presa a trav\u00e9s de la fotografia"},"content":{"rendered":"<p>El passat 7 d&#8217;octubre, va tenir lloc l&#8217;acte de tancament de la primera edici\u00f3 del projecte &#8220;Traspassant l&#8217;Objectiu&#8221; en el Centre Penitenciari de\u00a0Brians\u00a01. Les internes van fer una\u00a0enganxada\u00a0col\u00b7lectiva dels retrats, que van treballar durant el projecte, al pati del centre.<\/p>\n<p>En un primer moment, l&#8217;acte de tancament havia de tenir lloc el 12 de mar\u00e7, coincidint en el marc del Dia Internacional de les Dones, per\u00f2 a causa de la situaci\u00f3 del\u00a0covid, l&#8217;acte es va haver de traslladar al 7 d&#8217;octubre de 2020. Fent-ho coincidir amb la presentaci\u00f3 de la segona edici\u00f3.<\/p>\n<p><a ref=\"magnificPopup\" href=\"https:\/\/fundaciosetba.org\/wp-content\/uploads\/2020\/11\/IMG-20201007-WA0006.jpg\"><img loading=\"lazy\" decoding=\"async\" class=\"alignleft size-large wp-image-20049\" src=\"https:\/\/fundaciosetba.org\/wp-content\/uploads\/2021\/12\/IMG-20201007-WA0006-1024x680.jpg\" alt='IMG-20201007-WA0006' width=\"604\" height=\"401\" \/><\/a><\/p>\n<p>&nbsp;<\/p>\n<p>&nbsp;<\/p>\n<p>Traspassant l&#8217;objectiu \u00e9s un projecte participatiu en el qual es treballa la fotografia com a eina de creaci\u00f3. El programa est\u00e0 dirigit a dones privades de llibertat, sota la direcci\u00f3 art\u00edstica de la fot\u00f2grafa Marta F\u00e0bregas.<\/p>\n<p>L&#8217;objectiu del projecte \u00e9s contribuir en l&#8217;apoderament de les internes, incidint en el paper de &#8220;muses inspiradores&#8221; que tenen cadascuna d&#8217;elles.<\/p>\n<p>Durant les sessions del projecte, les internes reben nocions b\u00e0siques de fotografia, participen en una sessi\u00f3 de fotos professional, treballen la t\u00e8cnica del retrat entre elles i s\u00f3n retratades per l&#8217;artista Marta F\u00e0bregas.<\/p>\n<p><a ref=\"magnificPopup\" href=\"https:\/\/fundaciosetba.org\/wp-content\/uploads\/2020\/11\/IMG-20201007-WA0017.jpg\"><img loading=\"lazy\" decoding=\"async\" class=\"alignleft size-large wp-image-20053\" src=\"https:\/\/fundaciosetba.org\/wp-content\/uploads\/2021\/12\/IMG-20201007-WA0017-1024x680.jpg\" alt='IMG-20201007-WA0017' width=\"604\" height=\"401\" \/><\/a><\/p>\n<p><a ref=\"magnificPopup\" href=\"https:\/\/fundaciosetba.org\/wp-content\/uploads\/2020\/11\/IMG-20201007-WA0005.jpg\"><img loading=\"lazy\" decoding=\"async\" class=\"alignleft size-large wp-image-20057\" src=\"https:\/\/fundaciosetba.org\/wp-content\/uploads\/2021\/12\/IMG-20201007-WA0005-1024x680.jpg\" alt='IMG-20201007-WA0005' width=\"604\" height=\"401\" \/><\/a><\/p>\n<p>&nbsp;<\/p>\n","protected":false},"excerpt":{"rendered":"<p>Projecte art\u00edstic amb dones de centres penitenciaris de Catalunya<\/p>\n","protected":false},"author":1,"featured_media":0,"comment_status":"closed","ping_status":"closed","sticky":false,"template":"","format":"standard","meta":{"footnotes":""},"categories":[1238],"tags":[],"class_list":["post-29335","post","type-post","status-publish","format-standard","hentry","category-traspasando-el-objetivo"],"_links":{"self":[{"href":"https:\/\/fundaciosetba.org\/es\/wp-json\/wp\/v2\/posts\/29335","targetHints":{"allow":["GET"]}}],"collection":[{"href":"https:\/\/fundaciosetba.org\/es\/wp-json\/wp\/v2\/posts"}],"about":[{"href":"https:\/\/fundaciosetba.org\/es\/wp-json\/wp\/v2\/types\/post"}],"author":[{"embeddable":true,"href":"https:\/\/fundaciosetba.org\/es\/wp-json\/wp\/v2\/users\/1"}],"replies":[{"embeddable":true,"href":"https:\/\/fundaciosetba.org\/es\/wp-json\/wp\/v2\/comments?post=29335"}],"version-history":[{"count":1,"href":"https:\/\/fundaciosetba.org\/es\/wp-json\/wp\/v2\/posts\/29335\/revisions"}],"predecessor-version":[{"id":30789,"href":"https:\/\/fundaciosetba.org\/es\/wp-json\/wp\/v2\/posts\/29335\/revisions\/30789"}],"wp:attachment":[{"href":"https:\/\/fundaciosetba.org\/es\/wp-json\/wp\/v2\/media?parent=29335"}],"wp:term":[{"taxonomy":"category","embeddable":true,"href":"https:\/\/fundaciosetba.org\/es\/wp-json\/wp\/v2\/categories?post=29335"},{"taxonomy":"post_tag","embeddable":true,"href":"https:\/\/fundaciosetba.org\/es\/wp-json\/wp\/v2\/tags?post=29335"}],"curies":[{"name":"wp","href":"https:\/\/api.w.org\/{rel}","templated":true}]}}