{"id":29336,"date":"2020-11-09T00:00:00","date_gmt":"2020-11-08T23:00:00","guid":{"rendered":"https:\/\/fundaciosetba.org\/dr-autet\/"},"modified":"2022-04-12T10:03:55","modified_gmt":"2022-04-12T09:03:55","slug":"dr-autet","status":"publish","type":"post","link":"https:\/\/fundaciosetba.org\/es\/dr-autet\/","title":{"rendered":"Entrevista a la Dra. Autet"},"content":{"rendered":"<p>Entrevistamos a la jefa del Servicio de Psiquiatr\u00eda Infantil y Juvenil de la Fundaci\u00f3n\u00a0Althaia\u00a0y Jefa de la Divisi\u00f3n de Salud Mental de\u00a0Althaia, la Dra.\u00a0\u00c0urea\u00a0Autet\u00a0porque nos haga una valoraci\u00f3n del impacto que tiene el arte en la salud mental de las personas.<\/p>\n<p>La Dra.\u00a0Autet\u00a0tiene un especial inter\u00e9s en los campos de la Discapacidad Intelectual y el Autismo. Es profesora del Posgrado en Enfermedad Mental y Alteraciones de Conducta en Discapacidad Intelectual de la UVIC y del M\u00e1ster de Psicopatolog\u00eda Infantil y Juvenil de la UAB. Adem\u00e1s, es Vicepresidenta de la Junta Directiva de la Sociedad Catalana de Psiquiatr\u00eda Infantil y Juvenil.<\/p>\n<p>&nbsp;<\/p>\n<p><strong>Expl\u00edcanos un poco qu\u00e9 se hace a la Divisi\u00f3n de salud mental de la Fundaci\u00f3n\u00a0Althaia\u00a0con relaci\u00f3n a actividades de arte, y por qu\u00e9 las us\u00e1is con las personas que conviven con trastornos mentales?<\/strong><\/p>\n<p><em><span style=\"color: #808080;\">El objetivo principal de las personas que trabajamos en Salud Mental es recuperar a la persona. Cuando una persona enferma, tiene un trastorno mental, tiene que poder recuperar su proyecto vital, que nos diga qui\u00e9n es y que quiere ser.<\/span><\/em><\/p>\n<p><em><span style=\"color: #808080;\">La Divisi\u00f3n de Salud Mental es muy grande y tiene recursos muy diferentes.<\/span><\/em><\/p>\n<p><em><span style=\"color: #808080;\">Tenemos el edificio &#8220;Mosaic&#8221; donde hay el servicio de rehabilitaci\u00f3n comunitaria y el club social, as\u00ed como otros programas comunitarios. En el \u00e1mbito de arte se hacen proyectos variados en los diferentes espacios que tenemos, a pesar de que nos gustar\u00eda hacer muchos m\u00e1s. Aqu\u00ed ya hay un proyecto previo de arte terapia que se realizaba en el Club Social, donde tenemos pacientes que ya est\u00e1n compensados\u00a0psicopatol\u00f2gicament\u00a0y est\u00e1n recuperando su proyecto de vida. Este proyecto ha tenido continuidad en diferentes talleres que se intentan realizar dentro de la comunidad. Trabajamos con comunidades de vecinos que hacen talleres de cer\u00e1mica o de arte, e intentamos que los usuarios hagan estas actividades en la comunidad.<\/span><\/em><\/p>\n<p><em><span style=\"color: #808080;\">El Conservatorio de Manresa tambi\u00e9n colabora con\u00a0Althaia\u00a0y vienen a hacer un programa que gusta mucho y que se llama \u201cM\u00fasica en vena\u201d. M\u00fasicos que tocan diferentes instrumentos nos visitan a las diferentes unidades de pacientes, tanto a las unidades de hospitalizaci\u00f3n como en el hospital de d\u00eda.<\/span><\/em><\/p>\n<p><em><span style=\"color: #808080;\">A nivel de Hospital tambi\u00e9n tenemos una apuesta muy clara. En la entrada de nuestro hospital hay exhibiciones de arte, sea de artistas locales o de gente que quiere colaborar con nosotros. En estos momentos no hay muchos familiares o acompa\u00f1antes en el hospital a causa del Covid19, pero cuando alguien viene a visitar un paciente tiene la posibilidad de impregnarse con este arte que va encontrando por el edificio y pensamos que esto puede ayudar al bienestar, a desconectar y estar consigo mismo. Creemos que esto es positivo y lo intentamos promover, es por eso que las exposiciones est\u00e1n de manera permanente. Es cierto que algunas son de artistas locales con cierto renombre y en algunos casos tambi\u00e9n de pacientes nuestros. Por ejemplo, hicieron una exposici\u00f3n extraordinaria de dibujos manga, hecho por un usuario nuestro con un trastorno del espectro del autismo, que hace cosas muy interesantes y gust\u00f3 mucho.<\/span><\/em><\/p>\n<p><em><span style=\"color: #808080;\">Aun as\u00ed, nuestra idea es continuar trabajando en este sentido, y sobre todo pensante en el bienestar que todos estos elementos dan y pueden tener un impacto muy positivo en las emociones de las personas con las cuales trabajamos.<\/span><\/em><\/p>\n<p><strong>\u00bfQu\u00e9 grados o tipolog\u00edas de trastornos mentales tienen los usuarios que intervienen a la Divisi\u00f3n de Salud Mental de la Fundaci\u00f3n\u00a0Althaia?<\/strong><\/p>\n<p><span style=\"color: #808080;\"><em>Somos un Servicio de Salud mental y en general tratamos trastornos mentales severos. Cuando alguien llega a nuestra Divisi\u00f3n de salud mental quiere decir que puede tener un Trastorno Bipolar, una esquizofrenia, un desorden de la personalidad o de la conducta alimentaria grave, enfermedades obsesivas compulsivas. Es decir, que estamos hablando de perturbaciones que tienen una entidad y que pueden interferir de manera importante en la calidad de vida de las personas, que hay una interferencia muy importante en el que es su proyecto vital.<\/em><\/span><\/p>\n<p><strong>\u00bfQu\u00e9 representa por t\u00fa colaborar con la Fundaci\u00f3n\u00a0Setba?<\/strong><\/p>\n<p><span style=\"color: #808080;\"><em>Una oportunidad que os agradecemos todos inmensamente. Muchas veces se te come el d\u00eda a d\u00eda al resolver problemas que crees que tienen que tener una importancia capital en c\u00f3mo funciona la persona y te acabas olvidando de cosas que son tambi\u00e9n relevantes y que querr\u00edas hacer. No es f\u00e1cil encontrar estas\u00a0sin\u00e8rgies, a pesar de que actualmente hay mucha evidencia en pa\u00edses como Canad\u00e1, donde se habla ya de la prescripci\u00f3n social, entre ellos ir a museos, etc. Este modelo tanto m\u00e9dico centrado en la enfermedad y el entorno cl\u00ednico va evolucionando y vemos que el entorno social es muy importante. Factores como la prevenci\u00f3n, el bienestar o el papel de la comunidad son cosas que tenemos claras desde nuestra Fundaci\u00f3n, que sabemos que tenemos que hacer mucho \u00e9nfasis y que se plasma en proyectos como el \u201cNatura es Cultura\u201d. Repito, inmensamente agradecidos.<\/em><\/span><\/p>\n<p><strong>\u00bfLa actividad ha cumplido las expectativas? \u00bfHab\u00e9is podido hacer un primer an\u00e1lisis del respiro art\u00edstico?<\/strong><\/p>\n<p><span style=\"color: #808080;\"><em>Las hab\u00e9is superado! Ya sab\u00e9is que a los m\u00e9dicos nos gusta hablar de la evidencia, pero por m\u00ed la valoraci\u00f3n subjetiva es tambi\u00e9n importante y el feedback que tengo de este respiro art\u00edstico es impresionante. Todo el mundo se sinti\u00f3 mucho muy tratado y respetado y por los participantes es muy importante. Son individuos que van a hacer un proyecto mucho\u00a0xulo, no son pacientes o enfermos. Me explicaba la enfermera del servicio de rehabilitaci\u00f3n comunitaria que los acompa\u00f1\u00f3 que todo el mundo estaba muy contento durante el taller, volvieron contentos y todav\u00eda hoy tienen conversaciones sobre la experiencia al \u201cNatura es Cultura\u201d. Ellos iban a un lugar que desconoc\u00edan y a veces los puede crear un poco de recelo y de incertidumbre, en cambio ahora te preguntan cu\u00e1ndo lo podr\u00e1n volver a hacer. Gente que en esta ocasi\u00f3n no pudieron venir quieren saber si podr\u00e1n ir la pr\u00f3xima vez!<\/em><\/span><\/p>\n<p><span style=\"color: #808080;\"><em>Por parte nuestro queremos analizar bien todas las valoraciones sobre este proyecto y poder potenciar proyectos como este en el \u00e1mbito del hospital, puesto que ciertamente sirven y tienen un impacto en las personas que tratamos, sobre todo en estas personas que est\u00e1n recuperando su proyecto vital.<\/em><\/span><\/p>\n<p><strong>\u00bfEl arte es de por s\u00ed terap\u00e9utico? o \u00bfdepende de cada persona?<\/strong><\/p>\n<p><span style=\"color: #808080;\"><em>Es una pregunta que me gusta mucho y os dar\u00e9 una respuesta subjetiva. Yo considero que s\u00ed, que el arte es terap\u00e9utico porque es una actividad que puede tener impacto en el bienestar de la persona, pero tambi\u00e9n depende de cada sujeto y de su vivencia. Hay alg\u00fan tipo de terapias que funcionan por algunas personas y algunos trastornos, por otros no. El que s\u00ed que estoy de acuerdo es que la vivencia que puedan tener del arte algunas personas puede ayudar a este bienestar y puede mejorar muchos aspectos, pero no lo podemos extender a todo el mundo.<\/em><\/span><\/p>\n<p><strong>\u00bfQu\u00e9 elementos del arte son aquellos que pueden ayudar a la salud mental de las personas?<\/strong><\/p>\n<p><span style=\"color: #808080;\"><em>Creo que son elementos que te aportan belleza, como una obra de arte, una m\u00fasica, todo esto tiene un impacto en tus neurotransmisors, en tu bienestar. Es importante remarcar tambi\u00e9n el valor de la creaci\u00f3n. Cuando ven que son capaces de crear, de hacer algo bonito que gusta o que ellos valoren como bonito, esto puede tener un impacto en tu autoestima y en qui\u00e9n t\u00fa eres, en c\u00f3mo te ves. Este tambi\u00e9n es un impacto que creo que tenemos que valorar en el arte.<\/em><\/span><\/p>\n<p><span style=\"color: #808080;\"><em>Es muy potente el concepto que el participante forma parte de la transformaci\u00f3n del bosque y esto los emociona mucho. Ellos son un elemento activo, y despu\u00e9s el bosque ser\u00e1 visitado por otras personas que lo valorar\u00e1n y dir\u00e1n \u201cqu\u00e9 cosa m\u00e1s magn\u00edfica\u201d!<\/em><\/span><\/p>\n<p><strong>\u00bfCrees que el arte y la cultura pueden transformar la sociedad?<\/strong><\/p>\n<p><span style=\"color: #808080;\"><em>Sin duda, completamente convencida, como dec\u00eda la Montserrat Roig, \u201cLa cultura es la opci\u00f3n m\u00e1s revolucionaria a largo plazo\u201d.<\/em><\/span><\/p>\n<p><span style=\"color: #808080;\"><em>Pero es que ya hay evidencia sobre este tema a nivel cient\u00edfico. El Artes\u00a0Council\u00a0England\u00a0public\u00f3 un informe hace dos a\u00f1os, que recog\u00eda las investigaciones publicadas sobre evaluaciones y evidencia de los beneficios de este tipo de pr\u00e1cticas. Las conclusiones eran que hay evidencias claras de los beneficios que tiene sobre la salud y el bienestar el hecho de participar en actividades art\u00edsticas y culturales.<\/em><\/span><\/p>\n","protected":false},"excerpt":{"rendered":"<p>Entrevistamos a la jefa del Servicio de Psiquiatr\u00eda Infantil y Juvenil de la Fundaci\u00f3n\u00a0Althaia\u00a0y Jefa de la Divisi\u00f3n de Salud Mental de\u00a0Althaia, la Dra.\u00a0\u00c0urea\u00a0Autet\u00a0porque nos haga una valoraci\u00f3n del impacto que tiene el arte en la salud mental de las personas.<\/p>\n","protected":false},"author":1,"featured_media":29655,"comment_status":"closed","ping_status":"closed","sticky":false,"template":"","format":"standard","meta":{"footnotes":""},"categories":[1243,1242],"tags":[],"class_list":["post-29336","post","type-post","status-publish","format-standard","has-post-thumbnail","hentry","category-entrevistas","category-natura-es-cultura-2"],"_links":{"self":[{"href":"https:\/\/fundaciosetba.org\/es\/wp-json\/wp\/v2\/posts\/29336","targetHints":{"allow":["GET"]}}],"collection":[{"href":"https:\/\/fundaciosetba.org\/es\/wp-json\/wp\/v2\/posts"}],"about":[{"href":"https:\/\/fundaciosetba.org\/es\/wp-json\/wp\/v2\/types\/post"}],"author":[{"embeddable":true,"href":"https:\/\/fundaciosetba.org\/es\/wp-json\/wp\/v2\/users\/1"}],"replies":[{"embeddable":true,"href":"https:\/\/fundaciosetba.org\/es\/wp-json\/wp\/v2\/comments?post=29336"}],"version-history":[{"count":3,"href":"https:\/\/fundaciosetba.org\/es\/wp-json\/wp\/v2\/posts\/29336\/revisions"}],"predecessor-version":[{"id":31184,"href":"https:\/\/fundaciosetba.org\/es\/wp-json\/wp\/v2\/posts\/29336\/revisions\/31184"}],"wp:featuredmedia":[{"embeddable":true,"href":"https:\/\/fundaciosetba.org\/es\/wp-json\/wp\/v2\/media\/29655"}],"wp:attachment":[{"href":"https:\/\/fundaciosetba.org\/es\/wp-json\/wp\/v2\/media?parent=29336"}],"wp:term":[{"taxonomy":"category","embeddable":true,"href":"https:\/\/fundaciosetba.org\/es\/wp-json\/wp\/v2\/categories?post=29336"},{"taxonomy":"post_tag","embeddable":true,"href":"https:\/\/fundaciosetba.org\/es\/wp-json\/wp\/v2\/tags?post=29336"}],"curies":[{"name":"wp","href":"https:\/\/api.w.org\/{rel}","templated":true}]}}