{"id":29337,"date":"2020-12-02T00:00:00","date_gmt":"2020-12-01T23:00:00","guid":{"rendered":"https:\/\/fundaciosetba.org\/amand-caldero-es\/"},"modified":"2022-04-12T08:30:31","modified_gmt":"2022-04-12T07:30:31","slug":"amand-caldero-es","status":"publish","type":"post","link":"https:\/\/fundaciosetba.org\/es\/amand-caldero-es\/","title":{"rendered":"Entrevista a Amand Calder\u00f3"},"content":{"rendered":"<p style=\"text-align: left;\">Entrevistamos al secretario de Medidas Penales, Reinserci\u00f3n y Atenci\u00f3n a la V\u00edctima del Departamento de Justicia de la Generalitat de Catalu\u00f1a,\u00a0Amand\u00a0Calder\u00f3, porque nos haga una valoraci\u00f3n sobre el proyecto &#8220;Traspasando el Objetivo&#8221;, que la Fundaci\u00f3n\u00a0Setba\u00a0ha desarrollado por segundo a\u00f1o consecutivo a la Unidad de mujeres del Centro Penitenciario de\u00a0Brians\u00a01.<\/p>\n<p style=\"text-align: left;\"><strong>Expl\u00edquenos el porqu\u00e9 de su inter\u00e9s a iniciar un proyecto art\u00edstico con la Fundaci\u00f3n\u00a0Setba en Brians1, en la unidad de mujeres?<\/strong><\/p>\n<p style=\"text-align: left;\"><span style=\"color: #808080;\"><em>Los proyectos que hemos hecho con la Fundaci\u00f3n\u00a0Setba\u00a0en otros centros de la Secretar\u00eda han sido un \u00e9xito.<\/em><\/span><\/p>\n<p><span style=\"color: #808080;\"><em>Implicar a las mujeres del CP\u00a0Brians\u00a01 en un proyecto era un reto. Era establecer un paralelismo entre sus vidas y el trabajo que la Fundaci\u00f3n las propon\u00eda. Era hacer un aprendizaje estructurado que ten\u00eda que resultar v\u00e1lido para su proyecto de vida: me propongo un reto, un proyecto, marco un camino a seguir, y lo logro. <strong>Quer\u00eda hacer sentir aquello de &#8220;yo soy capaz&#8221;, &#8220;yo lo puedo hacer&#8221;&#8230; Hacerlas sentir orgullosas de sus capacidades, de sus posibilidades como mujeres, trabajar su autoestima y reforzar el proyecto vital de mujer.<\/strong> Que sintieran que tienen muchas necesidades, pero por encima de estas necesidades est\u00e1n sus capacidades. Que estas capacidades son fruto de su inteligencia. Que esta inteligencia las hace fuertes y capaces para superar las necesidades que tienen, y que en definitiva las har\u00e1 m\u00e1s aut\u00f3nomas y m\u00e1s libres.<\/em><\/span><\/p>\n<p><strong>\u00bfQu\u00e9 representa para el Departamento de Justicia colaborar con la Fundaci\u00f3n\u00a0Setba?<\/strong><\/p>\n<p><em><span style=\"color: #808080;\">Significa reforzar las relaciones con las entidades sociales. Trabajar por la corresponsabilidad en la ejecuci\u00f3n penal, y abrir el sistema de ejecuci\u00f3n penal a la ciudadan\u00eda, a la cultura, al arte. Para nosotros es importante mostrar la diversidad social a las personas que se encuentran en los centros de ejecuci\u00f3n penal.<\/span><\/em><\/p>\n<p><em><span style=\"color: #808080;\">Desde el Departamento trabajamos en la b\u00fasqueda de la cohesi\u00f3n social a trav\u00e9s de diferentes herramientas. La Fundaci\u00f3n\u00a0Setba\u00a0canaliza, mediante el arte, las voces, las diferentes sensibilidades y maneras de expresar de las personas, y como esto genera aceptaci\u00f3n de la diferencia y cohesi\u00f3n social.<\/span><\/em><\/p>\n<p><em><span style=\"color: #808080;\"><strong>Tenemos que ser inclusivos, y lo tenemos que ser tambi\u00e9n con respecto a los lenguajes, las culturas, el arte y en definitiva sobre todo aquello que implique una forma de expresar sentimientos y voluntad de di\u00e1logo con las personas y aquello que nos rodea.<\/strong> Esto la Fundaci\u00f3n\u00a0Setba\u00a0lo sabe hacer muy bien<\/span><\/em>.<\/p>\n<p><strong>A ra\u00edz del Covid19, \u00bfhan tenido que hacer muchas modificaciones? \u00bfLas actividades se han visto alteradas? En caso afirmativo, \u00bfc\u00f3mo ha repercutido esto a las internas?<\/strong><\/p>\n<p><em><span style=\"color: #808080;\">S\u00ed. La llegada del COVID\u00a0-19 ha provocado un gran impacto en toda la sociedad, y los centros de ejecuci\u00f3n penal no quedan al margen de las medidas de prevenci\u00f3n que se han tenido que adoptar. Desde el inicio de la crisis sanitaria la Secretar\u00eda ten\u00eda claro que estaban frente una amenaza sanitaria, y que la gesti\u00f3n y la intensidad de las medidas ten\u00edan que venir y estar avaladas por las autoridades sanitarias y los referentes del Servicio Prevenci\u00f3n de Riesgos Laborales. Es una crisis sanitaria y son estas autoridades las que tienen que guiar nuestras actuaciones.<\/span><\/em><\/p>\n<p><em><span style=\"color: #808080;\">Tambi\u00e9n tenemos claro que la salud de todos y todas es el objetivo fundamental de la Secretar\u00eda, y que se tiene que mantener con la menor afectaci\u00f3n posible de los derechos de las personas privadas de libertad y sus familias.<\/span><\/em><\/p>\n<p><em><span style=\"color: #808080;\"><strong>El covid\u00a0a mujeres se ha vivido de manera diferente que en otros centros porque ellas ya son en s\u00ed un grupo burbuja y no era tan importante la interacci\u00f3n con otros m\u00f3dulos, ya que tampoco se comparten muchas actividades.<\/strong> Adem\u00e1s, los profesionales se volcaron al atender a las mujeres y dar todo el apoyo necesario para pasar el confinamiento.<\/span><\/em><\/p>\n<p><em><span style=\"color: #808080;\"><strong>Las medidas han afectado sobre todo en cuanto a las entidades de voluntariado, que todav\u00eda contin\u00faan cerradas, y las comunicaciones con el exterior en la primera oleada, todo y los esfuerzos que hicimos con las\u00a0videotrucades\u00a0y las videoconferencias, y el sistema de informaci\u00f3n a familias.<\/strong> Se tuvo que hacer mucho trabajo en cuanto a la concienciaci\u00f3n de las medidas contra la\u00a0covid, la gesti\u00f3n del tiempo de ocio, la gesti\u00f3n emocional (incluida la prevenci\u00f3n del suicidio) y la prevenci\u00f3n de las sobredosis.<\/span><\/em><\/p>\n<p><strong>Sabemos que en Brians\u00a0ya hab\u00eda un taller de arte, \u00bfC\u00f3mo ha visto la incorporaci\u00f3n de la fotograf\u00eda como herramienta de expresi\u00f3n con el proyecto &#8220;Traspasando el Objetivo&#8221;?<\/strong><\/p>\n<p><em><span style=\"color: #808080;\"><strong>El est\u00edmulo de un recurso exterior siempre ayuda a hacer que las internas participen m\u00e1s activamente.<\/strong> Si adem\u00e1s, se trata de una actividad como esta, atractiva y sensible a las necesidades de las mujeres que adem\u00e1s, tiene un resultado visible, tangible a corto plazo tenemos la f\u00f3rmula del \u00e9xito.<\/span><\/em><\/p>\n<p><strong>\u00bfPodr\u00eda hacer una valoraci\u00f3n del proyecto?<\/strong><\/p>\n<p><em><span style=\"color: #808080;\">Creo que con la respuesta a la primera pregunta mi valoraci\u00f3n queda clara. <strong>Hemos logrado el objetivo de apoderar las mujeres y hacerlas m\u00e1s libres en la toma de decisiones.<\/strong><\/span><\/em><\/p>\n<p><strong>Con proyectos como este, \u00bfCree que se crea una necesidad positiva en las internas que intervienen? Es decir, \u00bfSe crean nuevos intereses o no deja de ser una actividad m\u00e1s del centro?<\/strong><\/p>\n<p><em><span style=\"color: #808080;\">Todas las actividades tienen su importancia. Todas suman, todas las entidades y recursos suman a favor de mostrar la variedad y la diversidad de formas de expresar, comunicar y canalizar las expresiones, sentimientos y formas de interpretar el mundo. <strong>Con este tipo de proyectos vamos m\u00e1s all\u00e1 del lenguaje verbal.<\/strong> Cuantas m\u00e1s v\u00edas abrimos, m\u00e1s f\u00e1cil ser\u00e1 llegar a cada persona. Se trata de encontrar la v\u00eda adecuada en cada persona para trabajar las potencialidades que todas las personas tienen.<\/span><\/em><\/p>\n<p><strong>\u00bfCree que el arte y la cultura pueden transformar la sociedad?<\/strong><\/p>\n<p><em><span style=\"color: #808080;\">Creo que de alguna manera, a las anteriores preguntas he dado respuesta impl\u00edcita a esta pregunta. <strong>Yo creo que quien realmente cambia el mundo son las personas.<\/strong> El arte, la cultura, la literatura y otras formas de expresi\u00f3n son herramientas que las personas utilizamos para comunicar, para explicarnos, para trasladar a los otros qu\u00e9 es nuestra visi\u00f3n de la sociedad en que vivimos, que es el que no nos gusta de ella, como la queremos cambiar. El arte, la cultura, la m\u00fasica &#8230; va m\u00e1s all\u00e1 de la ocupaci\u00f3n del ocio&#8230; son formas de expresar identidad y sentimiento de pertenencia&#8230; <strong>Es evidente, el arte y la cultura, en cualquier de sus formas de expresi\u00f3n, incide en el desarrollo de las personas; y estas desde una construcci\u00f3n colectiva transforman la sociedad.<\/strong><\/span><\/em><\/p>\n","protected":false},"excerpt":{"rendered":"<p>Secretario de Medidas Penales, Reinserci\u00f3n y Atenci\u00f3n a la V\u00edctima<\/p>\n","protected":false},"author":1,"featured_media":0,"comment_status":"closed","ping_status":"closed","sticky":false,"template":"","format":"standard","meta":{"footnotes":""},"categories":[1237,1239],"tags":[],"class_list":["post-29337","post","type-post","status-publish","format-standard","hentry","category-magistrales","category-premio-setba"],"_links":{"self":[{"href":"https:\/\/fundaciosetba.org\/es\/wp-json\/wp\/v2\/posts\/29337","targetHints":{"allow":["GET"]}}],"collection":[{"href":"https:\/\/fundaciosetba.org\/es\/wp-json\/wp\/v2\/posts"}],"about":[{"href":"https:\/\/fundaciosetba.org\/es\/wp-json\/wp\/v2\/types\/post"}],"author":[{"embeddable":true,"href":"https:\/\/fundaciosetba.org\/es\/wp-json\/wp\/v2\/users\/1"}],"replies":[{"embeddable":true,"href":"https:\/\/fundaciosetba.org\/es\/wp-json\/wp\/v2\/comments?post=29337"}],"version-history":[{"count":2,"href":"https:\/\/fundaciosetba.org\/es\/wp-json\/wp\/v2\/posts\/29337\/revisions"}],"predecessor-version":[{"id":30918,"href":"https:\/\/fundaciosetba.org\/es\/wp-json\/wp\/v2\/posts\/29337\/revisions\/30918"}],"wp:attachment":[{"href":"https:\/\/fundaciosetba.org\/es\/wp-json\/wp\/v2\/media?parent=29337"}],"wp:term":[{"taxonomy":"category","embeddable":true,"href":"https:\/\/fundaciosetba.org\/es\/wp-json\/wp\/v2\/categories?post=29337"},{"taxonomy":"post_tag","embeddable":true,"href":"https:\/\/fundaciosetba.org\/es\/wp-json\/wp\/v2\/tags?post=29337"}],"curies":[{"name":"wp","href":"https:\/\/api.w.org\/{rel}","templated":true}]}}