{"id":29347,"date":"2020-12-10T00:00:00","date_gmt":"2020-12-09T23:00:00","guid":{"rendered":"https:\/\/fundaciosetba.org\/traspassant-lobjectiu-cloenda2-es\/"},"modified":"2022-04-11T16:27:20","modified_gmt":"2022-04-11T15:27:20","slug":"traspassant-lobjectiu-cloenda2-es","status":"publish","type":"post","link":"https:\/\/fundaciosetba.org\/es\/traspassant-lobjectiu-cloenda2-es\/","title":{"rendered":"El Patio de Brians 1 se llena de retratos"},"content":{"rendered":"<p>Los retratos de las participantes en el proyecto \u201cTraspassant l&#8217;Objectiu&#8221; (Traspasando el Objetivo), dirigido a mujeres privadas de libertad, han vuelto a destacar en el patio del C.P de\u00a0Brians\u00a01.<\/p>\n<p><a ref=\"magnificPopup\" href=\"https:\/\/fundaciosetba.org\/wp-content\/uploads\/2020\/12\/DSC_0286.jpg\"><img loading=\"lazy\" decoding=\"async\" class=\"alignleft size-large wp-image-20134\" src=\"https:\/\/fundaciosetba.org\/wp-content\/uploads\/2021\/12\/DSC_0286-1024x681.jpg\" alt='DSC_0286' width=\"604\" height=\"402\" \/><\/a><\/p>\n<p>&nbsp;<br \/>\nEl pasado 24 de noviembre de 2020, en el marco del D\u00eda Internacional contra la violencia Machista, tuvo lugar el acto de cierre de la segunda edici\u00f3n del proyecto de fotograf\u00eda. Como ya pas\u00f3 en la primera edici\u00f3n, las participantes pudieron ver en gran formato los retratos que ellas mismas hab\u00edan hecho durante el taller y con la colaboraci\u00f3n del resto de internas y el equipo de la Fundaci\u00f3n\u00a0Setba, los engancharon por el patio.<\/p>\n<p>Durante nueve sesiones de dos horas, diecis\u00e9is internas asistieron en clases de formaci\u00f3n fotogr\u00e1fica a cargo de la artista Marta F\u00e0bregas. Una buena asistencia seg\u00fan las profesionales del Centro.<img loading=\"lazy\" decoding=\"async\" class=\"alignleft size-large wp-image-20138\" src=\"https:\/\/fundaciosetba.org\/wp-content\/uploads\/2021\/12\/DSC_0216-1024x681.jpg\" alt='DSC_0216' width=\"604\" height=\"402\" \/><\/p>\n<p>Entre los objetivos del proyecto se encuentran: adquirir conocimientos sobre el funcionamiento de la c\u00e1mara y el retrato a la fotograf\u00eda, proporcionar a las internas un nuevo lenguaje expresivo, crear\u00a0sinergias\u00a0y complicidades entre las participantes con el trabajo en equipo o reflexionar sobre el papel actual de la mujer, el feminismo y la igualdad.<\/p>\n<p><a ref=\"magnificPopup\" href=\"https:\/\/fundaciosetba.org\/wp-content\/uploads\/2020\/12\/DSC_0231.jpg\"><img loading=\"lazy\" decoding=\"async\" class=\"alignleft size-large wp-image-20142\" src=\"https:\/\/fundaciosetba.org\/wp-content\/uploads\/2021\/12\/DSC_0231-1024x681.jpg\" alt='DSC_0231' width=\"604\" height=\"402\" \/><\/a><\/p>\n<p>Para llevar a cabo este proyecto, hemos tenido la colaboraci\u00f3n de la Conselleria de Just\u00edcia Generalitat Catalunya; Institut Catal\u00e0 de les Dones. La Fotogr\u00e0fica, Maquillatge Tutusaus, Marc Mart\u00ed y Panasonic.<\/p>\n","protected":false},"excerpt":{"rendered":"<p>Proyecto art\u00edstico con mujeres de centros penitenciarios de Catalu\u00f1a<\/p>\n","protected":false},"author":1,"featured_media":0,"comment_status":"closed","ping_status":"closed","sticky":false,"template":"","format":"standard","meta":{"footnotes":""},"categories":[1238],"tags":[],"class_list":["post-29347","post","type-post","status-publish","format-standard","hentry","category-traspasando-el-objetivo"],"_links":{"self":[{"href":"https:\/\/fundaciosetba.org\/es\/wp-json\/wp\/v2\/posts\/29347","targetHints":{"allow":["GET"]}}],"collection":[{"href":"https:\/\/fundaciosetba.org\/es\/wp-json\/wp\/v2\/posts"}],"about":[{"href":"https:\/\/fundaciosetba.org\/es\/wp-json\/wp\/v2\/types\/post"}],"author":[{"embeddable":true,"href":"https:\/\/fundaciosetba.org\/es\/wp-json\/wp\/v2\/users\/1"}],"replies":[{"embeddable":true,"href":"https:\/\/fundaciosetba.org\/es\/wp-json\/wp\/v2\/comments?post=29347"}],"version-history":[{"count":1,"href":"https:\/\/fundaciosetba.org\/es\/wp-json\/wp\/v2\/posts\/29347\/revisions"}],"predecessor-version":[{"id":30781,"href":"https:\/\/fundaciosetba.org\/es\/wp-json\/wp\/v2\/posts\/29347\/revisions\/30781"}],"wp:attachment":[{"href":"https:\/\/fundaciosetba.org\/es\/wp-json\/wp\/v2\/media?parent=29347"}],"wp:term":[{"taxonomy":"category","embeddable":true,"href":"https:\/\/fundaciosetba.org\/es\/wp-json\/wp\/v2\/categories?post=29347"},{"taxonomy":"post_tag","embeddable":true,"href":"https:\/\/fundaciosetba.org\/es\/wp-json\/wp\/v2\/tags?post=29347"}],"curies":[{"name":"wp","href":"https:\/\/api.w.org\/{rel}","templated":true}]}}