{"id":29354,"date":"2020-12-10T00:00:00","date_gmt":"2020-12-09T23:00:00","guid":{"rendered":"https:\/\/fundaciosetba.org\/ens-sumem-a-la-campanya-man-esifest25n2020\/"},"modified":"2022-04-12T08:30:07","modified_gmt":"2022-04-12T07:30:07","slug":"ens-sumem-a-la-campanya-man-esifest25n2020","status":"publish","type":"post","link":"https:\/\/fundaciosetba.org\/es\/ens-sumem-a-la-campanya-man-esifest25n2020\/","title":{"rendered":"Nos sumamos a la campa\u00f1a #Manifest25N2020"},"content":{"rendered":"<p>Un a\u00f1o m\u00e1s, hemos colaborado con la Fundaci\u00f3n\u00a0TMB\u00a0y el Institut Catal\u00e0 de les Dones\u00a0con motivo del D\u00eda Internacional Contra la Violencia Machista con la difusi\u00f3n del proyecto de fotograf\u00eda &#8220;DE l&#8217;ombra a la llum&#8221; (&#8220;De la sombra a la luz&#8221;). Un proyecto de empoderamiento dirigido\u00a0por Ventura\u00a0Camacho y Marta F\u00e0bregas y protagonizado por mujeres v\u00edctimas de violencia.<\/p>\n<p>Para eso, se realiz\u00f3 un audiovisual en el que se explicaba el proyecto de la Fundaci\u00f3n\u00a0Setba,\u00a0cuyo se difundi\u00f3 por las diferentes plataformas del &#8220;Mou-TV&#8221;, pantallas del transporte p\u00fablico y estaciones, y por las redes sociales de todas las instituciones participantes.<\/p>\n<p><iframe loading=\"lazy\" src=\"\/\/www.youtube.com\/embed\/5HJAEy8pt7E\" width=\"560\" height=\"315\" frameborder=\"0\" allowfullscreen=\"allowfullscreen\"><\/iframe><\/p>\n<p>Adem\u00e1s, la Fundaci\u00f3n\u00a0Setba, en el marco del D\u00eda Internacional contra la Violencia Machista, llev\u00f3 las obras realizadas en el proyecto a la Sala Pigment Gallery\u00a0del Hotel Miramar de Barcelona, del 19 al 30 de noviembre.<\/p>\n<p><a ref=\"magnificPopup\" href=\"https:\/\/fundaciosetba.org\/wp-content\/uploads\/2020\/12\/exposicio-Pigment-Gallery-2.jpg\"><img loading=\"lazy\" decoding=\"async\" class=\"alignleft size-large wp-image-20153\" src=\"https:\/\/fundaciosetba.org\/wp-content\/uploads\/2021\/12\/exposicio-Pigment-Gallery-2-1024x768.jpg\" alt='exposicio Pigment Gallery (2)' width=\"604\" height=\"453\" \/><\/a><\/p>\n<p>Inicialmente, esta muestra ten\u00eda que ser inaugurada el pasado 14 de marzo de 2020, pero debido a las restricciones por el Covid, la exposici\u00f3n se vio aplazada a noviembre.<\/p>\n<p>La exposici\u00f3n estaba formada por los retratos de las mujeres del taller, que representaban el pasado -antes de la agresi\u00f3n- y que F\u00e0bregas hab\u00eda modificado utilizando la t\u00e9cnica de la\u00a0Transfotografia, y por collages fotogr\u00e1ficos elaborados por estas mujeres, que representan su presente y futuro.<\/p>\n<p><a ref=\"magnificPopup\" href=\"https:\/\/fundaciosetba.org\/wp-content\/uploads\/2020\/12\/exposicio-Pigment-Gallery-3.jpg\"><img loading=\"lazy\" decoding=\"async\" class=\"alignleft size-large wp-image-20157\" src=\"https:\/\/fundaciosetba.org\/wp-content\/uploads\/2021\/12\/exposicio-Pigment-Gallery-3-1024x768.jpg\" alt='exposicio Pigment Gallery (3)' width=\"604\" height=\"453\" \/><\/a><\/p>\n<p>Un trabajo que las artistas (Celsa Betancourt, Font, Elena\u00a0Galit\u00f3,\u00a0Filomena\u00a0Qui\u00f1ones\u00a0y Bibiana\u00a0Rambla)\u00a0realizaron para recuperar su identidad.<\/p>\n<p>El objetivo final de la campa\u00f1a fue la visibilidad de la violencia machista y el empoderamiento de las mujeres participantes en el taller.<\/p>\n<p>&nbsp;<\/p>\n","protected":false},"excerpt":{"rendered":"<p>&#8220;De l&#8217;ombra a la llum&#8221; en TMB para el 25N<\/p>\n","protected":false},"author":1,"featured_media":0,"comment_status":"closed","ping_status":"closed","sticky":false,"template":"","format":"standard","meta":{"footnotes":""},"categories":[1090],"tags":[],"class_list":["post-29354","post","type-post","status-publish","format-standard","hentry","category-noticias"],"_links":{"self":[{"href":"https:\/\/fundaciosetba.org\/es\/wp-json\/wp\/v2\/posts\/29354","targetHints":{"allow":["GET"]}}],"collection":[{"href":"https:\/\/fundaciosetba.org\/es\/wp-json\/wp\/v2\/posts"}],"about":[{"href":"https:\/\/fundaciosetba.org\/es\/wp-json\/wp\/v2\/types\/post"}],"author":[{"embeddable":true,"href":"https:\/\/fundaciosetba.org\/es\/wp-json\/wp\/v2\/users\/1"}],"replies":[{"embeddable":true,"href":"https:\/\/fundaciosetba.org\/es\/wp-json\/wp\/v2\/comments?post=29354"}],"version-history":[{"count":1,"href":"https:\/\/fundaciosetba.org\/es\/wp-json\/wp\/v2\/posts\/29354\/revisions"}],"predecessor-version":[{"id":30782,"href":"https:\/\/fundaciosetba.org\/es\/wp-json\/wp\/v2\/posts\/29354\/revisions\/30782"}],"wp:attachment":[{"href":"https:\/\/fundaciosetba.org\/es\/wp-json\/wp\/v2\/media?parent=29354"}],"wp:term":[{"taxonomy":"category","embeddable":true,"href":"https:\/\/fundaciosetba.org\/es\/wp-json\/wp\/v2\/categories?post=29354"},{"taxonomy":"post_tag","embeddable":true,"href":"https:\/\/fundaciosetba.org\/es\/wp-json\/wp\/v2\/tags?post=29354"}],"curies":[{"name":"wp","href":"https:\/\/api.w.org\/{rel}","templated":true}]}}