{"id":29358,"date":"2020-12-10T00:00:00","date_gmt":"2020-12-09T23:00:00","guid":{"rendered":"https:\/\/fundaciosetba.org\/2expos-premisetba-es\/"},"modified":"2022-04-12T09:57:31","modified_gmt":"2022-04-12T08:57:31","slug":"2expos-premisetba-es","status":"publish","type":"post","link":"https:\/\/fundaciosetba.org\/es\/2expos-premisetba-es\/","title":{"rendered":"Obras de artistas con discapacidad intelectual ganan terreno expositivo"},"content":{"rendered":"<p>En el marco del D\u00eda Internacional para personas con Discapacidad (3 de diciembre 2020), organizamos dos exposiciones de arte para visibilizar el trabajo art\u00edstico de estas personas, a trav\u00e9s del proyecto \u201cPremio\u00a0Setba\u201d.<\/p>\n<p><a ref=\"magnificPopup\" href=\"https:\/\/fundaciosetba.org\/wp-content\/uploads\/2020\/12\/20201126_090818.jpg\"><img loading=\"lazy\" decoding=\"async\" class=\"alignleft size-large wp-image-20166\" src=\"https:\/\/fundaciosetba.org\/wp-content\/uploads\/2021\/12\/20201126_090818-1024x768.jpg\" alt=\"20201126_090818\" width=\"604\" height=\"453\" \/><\/a><\/p>\n<p><a ref=\"magnificPopup\" href=\"https:\/\/fundaciosetba.org\/wp-content\/uploads\/2020\/09\/IMG_5787-copia.jpg\"><br \/>\n<\/a>El premio\u00a0Setba\u00a0es un certamen de pintura por artistas con discapacidad intelectual, organizado desde el 2011 por la Fundaci\u00f3n\u00a0Setba. Se trata del proyecto m\u00e1s veterano de la Fundaci\u00f3n y el premio mejor dotado del Estado espa\u00f1ol que re\u00fane profesionales del mundo del arte, alumnos de Bellas artes, entidades y fundaciones con un mismo objetivo: detectar y reconocer el talento de estos artistas \u201cmagistrales\u201d. Durante estos diez a\u00f1os, se han presentado 4.886 obras, procedentes de 135 entidades diferentes, de los cuales solo se han seleccionado 200, puesto que cada a\u00f1o se seleccionan veinte.<\/p>\n<p>Entre los ganadores de los diez a\u00f1os del Premio\u00a0Setba\u00a0se encuentra\u00a0Erik\u00a0Nitsch, de la Fundaci\u00f3n de S\u00edndrome de\u00a0Down. ganador del Premio\u00a0Setba\u00a02012 y del Concurso Internacional &#8220;Big-i-Art&#8221;\u00a0en el Jap\u00f3n, pa\u00eds donde ha expuesto en varias ocasiones.<\/p>\n<p>Los ganadores de este a\u00f1o han estado: en la categor\u00eda art\u00edstica: Gerard Pujol, de la Fundaci\u00f3n San Tom\u00e0s &#8211; C.O.\u00a0Calldetenes, por su obra &#8220;Bona nit&#8221;, y en la categor\u00eda de dise\u00f1o: Jos\u00e9 Mar\u00eda Escobar, del grupo\u00a0Asproseat\u00a0&#8211; C.O. 1981.<a ref=\"magnificPopup\" href=\"https:\/\/fundaciosetba.org\/wp-content\/uploads\/2020\/09\/IMG_5787-copia.jpg\"><img loading=\"lazy\" decoding=\"async\" class=\"alignleft size-large wp-image-19989\" src=\"https:\/\/fundaciosetba.org\/wp-content\/uploads\/2021\/12\/IMG_5787-copia-1024x683.jpg\" alt=\"IMG_5787 copia\" width=\"604\" height=\"403\" \/><\/a><\/p>\n<p>&nbsp;<\/p>\n<p>Las obras se pudieron ver en dos emplazamientos de Barcelona:<\/p>\n<p>En el Jard\u00edn del Palau Robert: Una muestra de los diez a\u00f1os del Premio\u00a0Setba, bajo el t\u00edtulo Magistrals y en el Reial Cercle Art\u00edstic\u00a0con las obras ganadoras y finalistas del Premio\u00a0Setba\u00a02020.<\/p>\n<p><a ref=\"magnificPopup\" href=\"https:\/\/fundaciosetba.org\/wp-content\/uploads\/2020\/11\/IMG_3860.jpg\"><img loading=\"lazy\" decoding=\"async\" class=\"alignleft size-large wp-image-20024\" src=\"https:\/\/fundaciosetba.org\/wp-content\/uploads\/2021\/12\/IMG_3860-1024x768.jpg\" alt=\"IMG_3860\" width=\"604\" height=\"453\" \/><\/a><\/p>\n<p>&nbsp;<\/p>\n<p>&nbsp;<\/p>\n<p>&nbsp;<\/p>\n<p>&nbsp;<\/p>\n<p>&nbsp;<\/p>\n<p>&nbsp;<\/p>\n<p>&nbsp;<\/p>\n<p>&nbsp;<\/p>\n<p>&nbsp;<\/p>\n","protected":false},"excerpt":{"rendered":"<p>En el marco del D\u00eda Internacional para personas con Discapacidad (3 de diciembre 2020), organizamos dos exposiciones de arte para visibilizar el trabajo art\u00edstico de estas personas, a trav\u00e9s del proyecto \u201cPremio\u00a0Setba\u201d.<\/p>\n","protected":false},"author":1,"featured_media":29675,"comment_status":"closed","ping_status":"closed","sticky":false,"template":"","format":"standard","meta":{"footnotes":""},"categories":[1237,1239],"tags":[],"class_list":["post-29358","post","type-post","status-publish","format-standard","has-post-thumbnail","hentry","category-magistrales","category-premio-setba"],"_links":{"self":[{"href":"https:\/\/fundaciosetba.org\/es\/wp-json\/wp\/v2\/posts\/29358","targetHints":{"allow":["GET"]}}],"collection":[{"href":"https:\/\/fundaciosetba.org\/es\/wp-json\/wp\/v2\/posts"}],"about":[{"href":"https:\/\/fundaciosetba.org\/es\/wp-json\/wp\/v2\/types\/post"}],"author":[{"embeddable":true,"href":"https:\/\/fundaciosetba.org\/es\/wp-json\/wp\/v2\/users\/1"}],"replies":[{"embeddable":true,"href":"https:\/\/fundaciosetba.org\/es\/wp-json\/wp\/v2\/comments?post=29358"}],"version-history":[{"count":3,"href":"https:\/\/fundaciosetba.org\/es\/wp-json\/wp\/v2\/posts\/29358\/revisions"}],"predecessor-version":[{"id":31179,"href":"https:\/\/fundaciosetba.org\/es\/wp-json\/wp\/v2\/posts\/29358\/revisions\/31179"}],"wp:featuredmedia":[{"embeddable":true,"href":"https:\/\/fundaciosetba.org\/es\/wp-json\/wp\/v2\/media\/29675"}],"wp:attachment":[{"href":"https:\/\/fundaciosetba.org\/es\/wp-json\/wp\/v2\/media?parent=29358"}],"wp:term":[{"taxonomy":"category","embeddable":true,"href":"https:\/\/fundaciosetba.org\/es\/wp-json\/wp\/v2\/categories?post=29358"},{"taxonomy":"post_tag","embeddable":true,"href":"https:\/\/fundaciosetba.org\/es\/wp-json\/wp\/v2\/tags?post=29358"}],"curies":[{"name":"wp","href":"https:\/\/api.w.org\/{rel}","templated":true}]}}