{"id":29359,"date":"2020-12-28T00:00:00","date_gmt":"2020-12-27T23:00:00","guid":{"rendered":"https:\/\/fundaciosetba.org\/carles-campuzano-es\/"},"modified":"2022-04-12T09:55:10","modified_gmt":"2022-04-12T08:55:10","slug":"carles-campuzano-es","status":"publish","type":"post","link":"https:\/\/fundaciosetba.org\/es\/carles-campuzano-es\/","title":{"rendered":"Entrevista a Carles Campuzano"},"content":{"rendered":"<p style=\"text-align: left;\">Entrevistamos al director de\u00a0DINCAT\u00a0y ex diputado en el Congreso, Carles\u00a0Campuzano, porque nos haga una valoraci\u00f3n sobre el proyecto &#8220;Premio\u00a0Setba&#8221;\u00a0y sobre las dificultades que se enfrentan d\u00eda a d\u00eda las personas con discapacidad intelectual.<\/p>\n<p><strong>\u00bfC\u00f3mo, desde DINCAT, trabaj\u00e1is para las personas con discapacidad intelectual y del desarrollo?<\/strong><\/p>\n<p><em><span style=\"color: #808080;\">Desde\u00a0Dincat, que <strong>agrupa casi 300 entidades del Tercer Sector social y representa los derechos de m\u00e1s de 40.000 personas con discapacidad intelectual y sus familias en Catalu\u00f1a<\/strong>, trabajamos d\u00eda a d\u00eda a trav\u00e9s de los valores de Solidaridad, Compromiso, Participaci\u00f3n, Profesionalidad, Eficacia, y Transparencia, con el objetivo de garantizar los derechos de las personas, una inclusi\u00f3n social y laboral digna, as\u00ed como para velar por la igualdad de oportunidades y una vida m\u00e1s justa para estas personas en todas sus etapas vitales.<\/span><\/em><\/p>\n<p><em><span style=\"color: #808080;\"><strong>Organizamos servicios y apoyos para las personas con discapacidad intelectual<\/strong> siguiendo el que determina la Convenci\u00f3n de Derechos de las Personas con Discapacidad (ONU 2006): Autogesti\u00f3n y autorepresentaci\u00f3n; Accesibilidad cognitiva; Derechos; \u00c9tica; Salud; Victimizaci\u00f3n; Ocio inclusivo; y Voluntariado inclusivo.<\/span><\/em><\/p>\n<p><em><span style=\"color: #808080;\">Por otro lado, <strong>trabajamos para representar a las personas en las diferentes etapas de su vida.<\/strong> En cuanto a la infancia y juventud,\u00a0Dincat\u00a0defiende un modelo educativo inclusivo, que ofrezca las mismas oportunidades a todos los ni\u00f1os y j\u00f3venes. Por otro lado, en cuanto a la etapa adulta, defendemos el modelo de vida independiente y apostamos por el derecho al trabajo \u00fatil y digno como garant\u00eda de plena inclusi\u00f3n en la sociedad. Finalmente, y cuando la persona llega a su etapa de envejecimiento, trabajamos para la mejora de su salud, la salud mental y el acompa\u00f1amiento en el proceso de jubilaci\u00f3n.<\/span><\/em><\/p>\n<p><strong>\u00bfCu\u00e1les son los principales problemas que actualmente se encuentran las personas con discapacidad?<\/strong><\/p>\n<p><span style=\"color: #808080;\"><em>Desgraciadamente los retos que afrontamos como sector, y como sociedad en general\u00a0en relaci\u00f3n al sector de la discapacidad intelectual, son muchos y cada d\u00eda m\u00e1s urgentes. Algunos ejemplos claros, que afectan directamente a la calidad de vida de las personas, son la <strong>dificultad de acceder al mercado laboral o a plazas a servicios residenciales o de atenci\u00f3n diurna.<\/strong><\/em><\/span><\/p>\n<p><span style=\"color: #808080;\"><em>En cuanto a la primera cuesti\u00f3n, las cifras son claras. En Catalu\u00f1a la tasa de paro de las personas con especiales se sit\u00faa en el 43%. Esto representa que <strong>tan solo una de cada tres personas con discapacidad intelectual est\u00e1 trabajando.<\/strong> Se trata de un colectivo de personas con especiales dificultades para incorporarse al mercado de trabajo. Hacen falta medidas que impulsen la contrataci\u00f3n, tanto en las empresas ordinarias, para\u00a0dar cumplimiento a la cuota de reserva del 2%, con la metodolog\u00eda del Trabajo en Apoyo, con apoyos m\u00e1s intensos y m\u00e1s extensos a las empresas y a las entidades que trabajan la inserci\u00f3n laboral y a la vez fortalecer los Centros Especiales de Trabajo de iniciativa social que dan trabajo a personas que es muy dif\u00edcil que tengan un contrato estable al mercado ordinario, por la v\u00eda del aumento de las subvenciones al salario y la puesta en marcha de un programa de inversiones para la creaci\u00f3n de nueva ocupaci\u00f3n. La v\u00eda de contrataci\u00f3n p\u00fablica en los Centros Especiales de Trabajo de Iniciativa Social tiene que ser tambi\u00e9n un motor de creaci\u00f3n de trabajo. Y finalmente, en el \u00e1mbito de la ocupaci\u00f3n, las administraciones tienen obligaciones legales en forma de cuota de reserva del 7%, que todav\u00eda se incumple.<\/em><\/span><\/p>\n<p><span style=\"color: #808080;\"><em>Por otro lado, la problem\u00e1tica en torno el acceso a los servicios residenciales es, tambi\u00e9n, muy grave y vulnera el derecho de estas personas a poder vivir donde, como y con quienes quieran, tal y como determina la Convenci\u00f3n de los Derechos de las Personas con Discapacidad de la ONU. Desde\u00a0Dincat, denunciamos que actualmente, y seg\u00fan datos propios de la Generalitat, <strong>m\u00e1s de 3.250 personas con discapacidad en Catalu\u00f1a restan a la espera de una plaza residencial para poder vivir, una larga lista de espera que, en algunos casos, llega a demoras de hasta 10 a\u00f1os.<\/strong> Una problem\u00e1tica que se tiene que resolver y que, sin duda, angustia profundamente a las familias, y obstaculiza que las personas con discapacidad Intelectual puedan tener una vida independiente como cualquiera persona adulta. Como sociedad tenemos que aspirar a hacer desaparecer las listas de espera por estos servicios.<\/em><\/span><\/p>\n<p><strong>\u00bfQu\u00e9 representa para DINCAT\u00a0colaborar con la Fundaci\u00f3n\u00a0Setba?<\/strong><\/p>\n<p><em><span style=\"color: #808080;\">Para nosotros colaborar con un proyecto tan cualitativo de cultura con valor social es, aparte de un placer, una ventana de oportunidad y de visibilidad para las personas con discapacidad intelectual. <strong>Poner\u00a0en valor el v\u00ednculo entre arte y personas con discapacidad intelectual, potenciar su talento, y no solo haci\u00e9ndolo desde una voluntad terap\u00e9utica, sino de profesionalidad, es un paso m\u00e1s hacia la inclusi\u00f3n y el reconocimiento de estas personas y sus capacidades.<\/strong> Por eso, celebramos que exista un proyecto como este y, sin duda, esperamos seguir colaborando y llevando a cabo proyectos conjuntamente.<\/span><\/em><\/p>\n<p><strong>Hemos visto que estos artistas tienen problemas de recibir la pensi\u00f3n si han vendido alg\u00fan cuadro, \u00bfes cierto? \u00bfLo ve como una barrera para llegar a profesionalizarlos? \u00bfC\u00f3mo se podr\u00eda solucionar?<\/strong><\/p>\n<p><em><span style=\"color: #808080;\">En Dincat\u00a0no nos consta y no hemos recibido ninguna queja en este sentido. Ahora bien, es probable que se den casos, teniendo en cuenta que la actual regulaci\u00f3n de las pensiones las hace incompatibles con la realizaci\u00f3n de actividades econ\u00f3micas. En este sentido, se tendr\u00eda que ir hacia un r\u00e9gimen que lo haga compatible, para impulsar y fortalecer que estas personas se animen a dar a conocer su talento y, como cualquier persona, puedan recibir una compensaci\u00f3n econ\u00f3mica por este, sin que esto los obligue a perder su derecho a una prestaci\u00f3n que, a buen seguro, necesitan teniendo en cuenta la multitud de sobre costes que puede suponer tener una discapacidad intelectual.<\/span><\/em><\/p>\n<p><strong>\u00bfC\u00f3mo valora el proyecto magistrales de la Fundaci\u00f3n\u00a0Setba, cree que las entidades tendr\u00edan que incorporar profesionales en el arte en sus espacios y talleres?<\/strong><\/p>\n<p><span style=\"color: #808080;\"><em>El proyecto Magistrales es una iniciativa fant\u00e1stica que pone en valor una realidad tan sencilla como, en muchas ocasiones, invisible: <strong>tener discapacidad intelectual no es incompatible con tener talento y una gran capacidad art\u00edstica.<\/strong> La muestra de los artistas que participan en Magistrales es de una calidad excepcional y creemos que hacerlo visible gracias a la Fundaci\u00f3n\u00a0Setba\u00a0es una responsabilidad social muy importante.<\/em><\/span><br \/>\n<span style=\"color: #808080;\"><em>En este sentido, desde\u00a0Dincat\u00a0consideramos que s\u00ed que <strong>podr\u00eda ser interesante contar con profesionales en el arte en las entidades o con proyectos puntuales que remen en este sentido, con el objetivo de estimular el talento de estas personas.<\/strong><\/em><\/span><\/p>\n<p><strong>\u00bfCrees que el arte y la cultura pueden transformar la sociedad?<\/strong><\/p>\n<p><em><span style=\"color: #808080;\">El arte y la cultura, sin duda, juegan un papel clave a la hora de construir sociedades m\u00e1s justas y solidarias. <strong>Nos permiten generar oportunidades de desarrollo econ\u00f3mico y social en grupos de poblaci\u00f3n en exclusi\u00f3n social.<\/strong> Por eso, es importante entender el arte como un servicio a las personas no elitista, puesto que acontece una herramienta muy poderosa de expresi\u00f3n social y\u00a0empoderamiento personal, para conseguir el cambio social y demostrar que un mundo mejor es posible.<\/span><\/em><\/p>\n<p><strong><em><span style=\"color: #808080;\">Proyectos como los que lleva a cabo la Fundaci\u00f3n\u00a0SETBA\u00a0son esenciales para proyectar las capacidades y el talento de las personas con discapacidad intelectual como artistas; es una gran manera de avanzar hacia la plena inclusi\u00f3n y, por lo tanto, es una muestra m\u00e1s del poder transformador del arte y la cultura.<\/span><\/em><\/strong><\/p>\n","protected":false},"excerpt":{"rendered":"<p>Entrevistamos al director de\u00a0DINCAT\u00a0y ex diputado en el Congreso, Carles\u00a0Campuzano, porque nos haga una valoraci\u00f3n sobre el proyecto &#8220;Premio\u00a0Setba&#8221;\u00a0y sobre las dificultades que se enfrentan d\u00eda a d\u00eda las personas con discapacidad intelectual.<\/p>\n","protected":false},"author":1,"featured_media":29814,"comment_status":"closed","ping_status":"closed","sticky":false,"template":"","format":"standard","meta":{"footnotes":""},"categories":[1243,1237,1239],"tags":[],"class_list":["post-29359","post","type-post","status-publish","format-standard","has-post-thumbnail","hentry","category-entrevistas","category-magistrales","category-premio-setba"],"_links":{"self":[{"href":"https:\/\/fundaciosetba.org\/es\/wp-json\/wp\/v2\/posts\/29359","targetHints":{"allow":["GET"]}}],"collection":[{"href":"https:\/\/fundaciosetba.org\/es\/wp-json\/wp\/v2\/posts"}],"about":[{"href":"https:\/\/fundaciosetba.org\/es\/wp-json\/wp\/v2\/types\/post"}],"author":[{"embeddable":true,"href":"https:\/\/fundaciosetba.org\/es\/wp-json\/wp\/v2\/users\/1"}],"replies":[{"embeddable":true,"href":"https:\/\/fundaciosetba.org\/es\/wp-json\/wp\/v2\/comments?post=29359"}],"version-history":[{"count":4,"href":"https:\/\/fundaciosetba.org\/es\/wp-json\/wp\/v2\/posts\/29359\/revisions"}],"predecessor-version":[{"id":31177,"href":"https:\/\/fundaciosetba.org\/es\/wp-json\/wp\/v2\/posts\/29359\/revisions\/31177"}],"wp:featuredmedia":[{"embeddable":true,"href":"https:\/\/fundaciosetba.org\/es\/wp-json\/wp\/v2\/media\/29814"}],"wp:attachment":[{"href":"https:\/\/fundaciosetba.org\/es\/wp-json\/wp\/v2\/media?parent=29359"}],"wp:term":[{"taxonomy":"category","embeddable":true,"href":"https:\/\/fundaciosetba.org\/es\/wp-json\/wp\/v2\/categories?post=29359"},{"taxonomy":"post_tag","embeddable":true,"href":"https:\/\/fundaciosetba.org\/es\/wp-json\/wp\/v2\/tags?post=29359"}],"curies":[{"name":"wp","href":"https:\/\/api.w.org\/{rel}","templated":true}]}}