{"id":29361,"date":"2021-01-22T00:00:00","date_gmt":"2021-01-21T23:00:00","guid":{"rendered":"https:\/\/fundaciosetba.org\/bases-premio-setba-2021\/"},"modified":"2022-04-12T08:29:44","modified_gmt":"2022-04-12T07:29:44","slug":"bases-premio-setba-2021","status":"publish","type":"post","link":"https:\/\/fundaciosetba.org\/es\/bases-premio-setba-2021\/","title":{"rendered":"Bases Premio Setba 2021"},"content":{"rendered":"<p>Ya est\u00e1n publicadas las bases del Premio\u00a0Setba\u00a02021, un <strong>certamen de pintura y de dise\u00f1o para artistas con discapacidad intelectual<\/strong>.<\/p>\n<p>El documento contiene las bases para la <strong>categor\u00eda art\u00edstica<\/strong> y para la <strong>categor\u00eda de dise\u00f1o<\/strong>.<\/p>\n<p><iframe loading=\"lazy\" src=\"\/\/www.youtube.com\/embed\/E0tv3QlHrfY\" width=\"560\" height=\"314\" allowfullscreen=\"allowfullscreen\"><\/iframe><\/p>\n<p>Con once ediciones de trayectoria, la Fundaci\u00f3n\u00a0Setba\u00a0tiene por objetivo premiar y reivindicar el talento de estas personas para incentivarlas a trabajar en el terreno de las artes pl\u00e1sticas. As\u00ed como, visibilizar su trabajo y promover su integraci\u00f3n.<\/p>\n<h1><strong>CONVOCATORIA CERRADA<\/strong><\/h1>\n<h1><strong>\u00a1MUCHA SUERTE!<\/strong><\/h1>\n\n\n<p>&nbsp;<\/p>\n<p>&nbsp;<\/p>\n","protected":false},"excerpt":{"rendered":"<p>Nueva convocatoria para el certamen de pintura y dise\u00f1o de la Fundaci\u00f3n Setba<\/p>\n","protected":false},"author":1,"featured_media":0,"comment_status":"closed","ping_status":"closed","sticky":false,"template":"","format":"standard","meta":{"footnotes":""},"categories":[1090],"tags":[],"class_list":["post-29361","post","type-post","status-publish","format-standard","hentry","category-noticias"],"_links":{"self":[{"href":"https:\/\/fundaciosetba.org\/es\/wp-json\/wp\/v2\/posts\/29361","targetHints":{"allow":["GET"]}}],"collection":[{"href":"https:\/\/fundaciosetba.org\/es\/wp-json\/wp\/v2\/posts"}],"about":[{"href":"https:\/\/fundaciosetba.org\/es\/wp-json\/wp\/v2\/types\/post"}],"author":[{"embeddable":true,"href":"https:\/\/fundaciosetba.org\/es\/wp-json\/wp\/v2\/users\/1"}],"replies":[{"embeddable":true,"href":"https:\/\/fundaciosetba.org\/es\/wp-json\/wp\/v2\/comments?post=29361"}],"version-history":[{"count":1,"href":"https:\/\/fundaciosetba.org\/es\/wp-json\/wp\/v2\/posts\/29361\/revisions"}],"predecessor-version":[{"id":30779,"href":"https:\/\/fundaciosetba.org\/es\/wp-json\/wp\/v2\/posts\/29361\/revisions\/30779"}],"wp:attachment":[{"href":"https:\/\/fundaciosetba.org\/es\/wp-json\/wp\/v2\/media?parent=29361"}],"wp:term":[{"taxonomy":"category","embeddable":true,"href":"https:\/\/fundaciosetba.org\/es\/wp-json\/wp\/v2\/categories?post=29361"},{"taxonomy":"post_tag","embeddable":true,"href":"https:\/\/fundaciosetba.org\/es\/wp-json\/wp\/v2\/tags?post=29361"}],"curies":[{"name":"wp","href":"https:\/\/api.w.org\/{rel}","templated":true}]}}