{"id":29392,"date":"2021-02-18T00:00:00","date_gmt":"2021-02-17T23:00:00","guid":{"rendered":"https:\/\/fundaciosetba.org\/el-jurat-del-premi-setba-2021\/"},"modified":"2022-04-12T09:53:04","modified_gmt":"2022-04-12T08:53:04","slug":"el-jurat-del-premi-setba-2021","status":"publish","type":"post","link":"https:\/\/fundaciosetba.org\/es\/el-jurat-del-premi-setba-2021\/","title":{"rendered":"El jurado del Premio Setba 2021"},"content":{"rendered":"<p style=\"text-align: justify;\">Una de las partes m\u00e1s relevantes del Premio Setba es la participaci\u00f3n de nuestro <strong>jurado profesional<\/strong>. Durante el procedimiento se aplica un riguroso cumplimiento de las bases y una cuidadosa selecci\u00f3n de las obras finalistas y ganadoras. Durante estos once a\u00f1os, se han presentado 4.886 obras procedentes de 135 entidades diferentes, pero solo se han seleccionado 200 obras aproximadamente.<\/p>\n<p>El premio\u00a0Setba\u00a0fue el <strong>primer proyecto ideado y organizado por la Fundaci\u00f3n\u00a0Setba\u00a0<\/strong>y dirigido a artistas con discapacidad intelectual y del desarrollo, para incentivarlos a trabajar en el terreno de las artes pl\u00e1sticas. Actualmente se trata del premio mejor dotado del Estado espa\u00f1ol, que re\u00fane profesionales del mundo del arte, alumnos de Bellas artes, entidades y fundaciones con un mismo objetivo: detectar y reconocer el talento de estos artistas \u201cmagistrales\u201d.<\/p>\n<p>En la selecci\u00f3n de las obras finalistas y ganadoras contamos con dos jurados, seg\u00fan la categor\u00eda del certamen.<\/p>\n<p><strong>EN LA CATEGOR\u00cdA ART\u00cdSTICA:<\/strong><\/p>\n<p style=\"text-align: justify;\"><strong>Isabel Abad, departamento de actividades culturales de la Fundaci\u00f3n &#8220;la Caixa&#8221;<\/strong><\/p>\n<p><a ref=\"magnificPopup\" href=\"https:\/\/fundaciosetba.org\/wp-content\/uploads\/2021\/02\/Isabel-Abad-scaled.jpg\"><img loading=\"lazy\" decoding=\"async\" class=\"alignleft wp-image-20323 size-large\" src=\"https:\/\/fundaciosetba.org\/wp-content\/uploads\/2021\/12\/Isabel-Abad-1024x809.jpg\" alt=\"\" width=\"604\" height=\"604\" \/><\/a><\/p>\n<p>Licenciada en Historia del Arte por la UAB. Actualmente, forma parte del equipo del Departamento de actividades culturales y divulgaci\u00f3n cient\u00edfica de la Fundaci\u00f3n \u201cla Caixa\u201d. Cuenta con una amplia <strong>experiencia con la concepci\u00f3n de proyectos y actividades alrededor de las artes visuales<\/strong> dirigidos a todos los p\u00fablicos.<\/p>\n<p style=\"text-align: justify;\"><strong>Josep Manuel Jaurena, gerente de Art Mir<\/strong><\/p>\n<p style=\"text-align: justify;\"><a ref=\"magnificPopup\" href=\"https:\/\/fundaciosetba.org\/wp-content\/uploads\/2021\/12\/WhatsApp-Image-2021-02-08-at-09.41.04.jpg\"><img loading=\"lazy\" decoding=\"async\" class=\"alignleft size-full wp-image-20330\" src=\"https:\/\/fundaciosetba.org\/wp-content\/uploads\/2021\/12\/WhatsApp-Image-2021-02-08-at-09.41.04.jpg\" alt=\"\" width=\"605\" height=\"605\" \/><\/a><\/p>\n<p>Gerente de la empresa\u00a0Jaurena\u00a0S.A., <strong>fabricante desde 1933 de materiales art\u00edsticos y para ocio creativo<\/strong>, siendo una de las m\u00e1s antiguas compa\u00f1\u00edas de Europa. La empresa dispone de una f\u00e1brica ubicada en Hospitalet de Llobregat (Barcelona) donde se fabrican \u00f3leos, acr\u00edlicos, acuarelas, as\u00ed como todos sus auxiliares. Implicados en la mejora y conservaci\u00f3n del medio ambiente llevando a cabo un desarrollo sostenible.<\/p>\n<p style=\"text-align: justify;\"><strong>Josep F\u00e9lix Bentz, Presidente del Real C\u00edrculo Art\u00edstico de Barcelona<\/strong><\/p>\n<p style=\"text-align: justify;\"><a ref=\"magnificPopup\" href=\"https:\/\/fundaciosetba.org\/wp-content\/uploads\/2021\/02\/FELIX-BENTZ-scaled.jpg\"><img loading=\"lazy\" decoding=\"async\" class=\"alignleft wp-image-20331 size-large\" src=\"https:\/\/fundaciosetba.org\/wp-content\/uploads\/2021\/12\/FELIX-BENTZ-1024x681.jpg\" alt=\"\" width=\"604\" height=\"604\" \/><\/a><\/p>\n<p>Licenciado en Historia del Arte por la Facultad de Geografia e Historia de la Universidad de Barcelona (1983-1988) y est\u00e1 especializado en restauraci\u00f3n de papel por la Escuela de Artes y Oficios de la Diputaci\u00f3n de Barcelona (1991). Realiz\u00f3 un M\u00e1ster en la Universidad Aut\u00f3noma de Barcelona obteniendo la calificaci\u00f3n de Excelente (1990-1991) y obtuvo en 2003 el diploma que concede el Departamento de Econom\u00eda y Finanzas de la Generalitat de Catalu\u00f1a y que le acredita como P\u00e9rito y Tasador especializado en obras de arte. Realiz\u00f3 su tesis doctoral sobre la vida, obra y \u00e9poca del artista catal\u00e1n Joan Abell\u00f3 i Prat, trabajo dirigido por la doctora Lourdes Cirlot.<\/p>\n<p>Es <strong>asesor de diferentes fundaciones y museos internacionales<\/strong>, es miembro de la Asociaci\u00f3n Internacional de Cr\u00edticos de Arte (AICA), del Ilustre Colegio Oficial de Doctores y Licenciados en Filosof\u00eda y Letras y Ciencias de Catalu\u00f1a; miembro del Grupo T\u00e9cnico Asociaci\u00f3n Profesional de Conservadores-restauradores de Catalu\u00f1a.<\/p>\n<p>Actualmente Josep F\u00e8lix Bentz es\u00a0Presidente del Reial Cercle Art\u00edstic de Barcelona-Institut Barcelon\u00e8s d&#8217;Art desde el a\u00f1o\u00a02009<\/p>\n<p style=\"text-align: justify;\"><strong>Jaime S\u00fanico, artista pl\u00e0stic<\/strong><\/p>\n<p style=\"text-align: justify;\"><a ref=\"magnificPopup\" href=\"https:\/\/fundaciosetba.org\/wp-content\/uploads\/2021\/02\/20210112_123608-scaled.jpg\"><img loading=\"lazy\" decoding=\"async\" class=\"alignleft wp-image-20335 size-large\" src=\"https:\/\/fundaciosetba.org\/wp-content\/uploads\/2021\/12\/20210112_123608-768x1024.jpg\" alt=\"\" width=\"604\" height=\"604\" \/><\/a><\/p>\n<p style=\"text-align: justify;\"><strong>Artista pl\u00e1stico de prestigio internacional<\/strong>. Sus obras est\u00e1n a colecciones como el Museo de Montserrat, la Fundaci\u00f3n Kaminsky, la Colecci\u00f3n Testigo de la Fundaci\u00f3n La Caixa, la Fundaci\u00f3n Vila Casas y ha expuesto a galer\u00edas nacionales como Senda en Barcelona y Galerie von Braunbehrens de Munich o la Galer\u00eda Marwan Hoss de Par\u00eds entre otros.<\/p>\n<p style=\"text-align: justify;\">Adem\u00e1s de su reconocimiento como artista,\u00a0<strong>S\u00fanico puerta implicado, desde su juventud, en diferentes proyectos sociales del mundo de la discapacidad y colabora con la Fundaci\u00f3n Setba en el Proyecto de formaci\u00f3n online MAGISTRALES<\/strong>.\u00a0S\u00fanico\u00a0se declara convencido que las artes pl\u00e1sticas son un medio fant\u00e1stico para romper barreras f\u00edsicas, ps\u00edquicas y sociales.<\/p>\n<p style=\"text-align: justify;\"><strong>Cristina Sampere, directora de la Fundaci\u00f3 Setba<\/strong><\/p>\n<p style=\"text-align: justify;\"><a ref=\"magnificPopup\" href=\"https:\/\/fundaciosetba.org\/wp-content\/uploads\/2021\/02\/2020-art-for-change-madrid-scaled.jpg\"><img loading=\"lazy\" decoding=\"async\" class=\"alignleft wp-image-20339 size-large\" src=\"https:\/\/fundaciosetba.org\/wp-content\/uploads\/2021\/12\/2020-art-for-change-madrid-683x1024.jpg\" alt=\"\" width=\"604\" height=\"604\" \/><\/a><\/p>\n<p>Licenciada en Bellas artes, Cristina\u00a0Sampere\u00a0ha compaginado siempre su carrera de artista pl\u00e1stica y la de gestora cultural.<\/p>\n<p>Como artista ha expuesto a la galer\u00eda Barnadas, Jorge Alcolea, Sala Parara, Galer\u00eda Senda, Galer\u00eda Nomen entre otras y <strong>sus obras est\u00e1n a colecciones como la Fundaci\u00f3n Vila Casas, La Caixa, ICEX y Fundaci\u00f3n Banco de Sabadell.<\/strong><\/p>\n<p>Trabaj\u00f3 diez a\u00f1os como responsable de prensa del Supermercado de Arte de\u00a0American\u00a0Prints\u00a0y del 2007 al 2011 dirigi\u00f3 la galer\u00eda de arte Moncada en Barcelona. Desde 2012 es la <strong>directora de la Fundaci\u00f3n\u00a0Setba, cumpliendo as\u00ed uno de sus sue\u00f1os: contribuir a la transformaci\u00f3n de la sociedad a trav\u00e9s del arte y la cultura.<\/strong><\/p>\n<p style=\"text-align: justify;\"><strong>EN LA CATEGORIA DE DISSENY:<\/strong><\/p>\n<p style=\"text-align: justify;\"><strong>Clara Ant\u00fanez, sumiller<\/strong><\/p>\n<p style=\"text-align: justify;\"><a ref=\"magnificPopup\" href=\"https:\/\/fundaciosetba.org\/wp-content\/uploads\/2021\/02\/clara-antunez-1-scaled.jpg\"><img loading=\"lazy\" decoding=\"async\" class=\"alignleft size-large wp-image-20343\" src=\"https:\/\/fundaciosetba.org\/wp-content\/uploads\/2021\/12\/clara-antunez-1-680x1024.jpg\" alt=\"\" width=\"604\" height=\"910\" \/><\/a><\/p>\n<p style=\"text-align: justify;\"><strong>Responsable del dise\u00f1o y de la creatividad de los servicios y de la direcci\u00f3n de las operaciones en La Gastron\u00f2mica.<\/strong><\/p>\n<p>Con una larga trayectoria y reconocimiento como sumiller, hace m\u00e1s de diez a\u00f1os que est\u00e1 vinculada al sector.<\/p>\n<p>Disfruta de una formaci\u00f3n y una visi\u00f3n transversal donde, nutrici\u00f3n, cocina y vinos se complementan para aportar valor y diferenciaci\u00f3n a su gran pasi\u00f3n.<\/p>\n<p>A parte de varios art\u00edculos, ha publicado <strong>1 libro de nutrici\u00f3n y 3 libros de vinos.<\/strong> \u00a0Es experta en formaci\u00f3n y conocedora del territorio tanto en productos alimentarios como en vinos.<\/p>\n<p style=\"text-align: justify;\"><strong>Jean-Paul Bouyat, director de Bardinet Espa\u00f1a<\/strong><strong><a ref=\"magnificPopup\" href=\"https:\/\/fundaciosetba.org\/wp-content\/uploads\/2021\/02\/JEAN-PAUL_2-scaled.jpg\"><img loading=\"lazy\" decoding=\"async\" class=\"alignleft wp-image-20347 size-large\" src=\"https:\/\/fundaciosetba.org\/wp-content\/uploads\/2021\/12\/JEAN-PAUL_2-1024x683.jpg\" alt=\"\" width=\"604\" height=\"604\" \/>\u00a0<\/a><\/strong><\/p>\n<p>Director de Bardinet Espa\u00f1a.<\/p>\n<p style=\"text-align: justify;\"><strong>Natalia Iglesias, dise\u00f1adora en Vinalium<\/strong><\/p>\n<p style=\"text-align: justify;\"><a ref=\"magnificPopup\" href=\"https:\/\/fundaciosetba.org\/wp-content\/uploads\/2021\/02\/Natalia_Vinalium.jpg\"><img loading=\"lazy\" decoding=\"async\" class=\"alignleft wp-image-20354 size-full\" src=\"https:\/\/fundaciosetba.org\/wp-content\/uploads\/2021\/12\/Natalia_Vinalium-e1613645590697.jpg\" alt=\"\" width=\"700\" height=\"700\" \/><\/a><\/p>\n<p style=\"text-align: justify;\">Dise\u00f1adora a\u00a0Vinalium\u00a0es <strong>t\u00e9cnica superior en dise\u00f1o y producci\u00f3n editorial y gesti\u00f3n comercial y marketing.<\/strong> Despu\u00e9s de 15 a\u00f1os a Vinalium en diferentes posiciones, actualmente est\u00e1 liderando el departamento de dise\u00f1o y comunicaci\u00f3n. Como proyectos destacados encontramos el <strong>dise\u00f1o del etiquetaje de los vinos de la marca propia<\/strong>, entre ellas &#8220;Les nones&#8221;, &#8220;no t&#8217;enamoris de mi&#8221;, &#8220;El cigne negre&#8221;, etc.<\/p>\n<p style=\"text-align: justify;\"><strong>Peret, dise\u00f1ador gr\u00e1fico<\/strong><\/p>\n<p style=\"text-align: justify;\"><a ref=\"magnificPopup\" href=\"https:\/\/fundaciosetba.org\/wp-content\/uploads\/2021\/02\/Peret.jpg\"><img loading=\"lazy\" decoding=\"async\" class=\"alignleft wp-image-20355 size-large\" src=\"https:\/\/fundaciosetba.org\/wp-content\/uploads\/2021\/12\/Peret-768x1024.jpg\" alt=\"\" width=\"604\" height=\"604\" \/><\/a><\/p>\n<p style=\"text-align: justify;\">Pere Torrent, conocido como\u00a0Peret, es un <strong>dise\u00f1ador gr\u00e1fico, ilustrador, fot\u00f3grafo y escultor catal\u00e1n.<\/strong> Empieza su formaci\u00f3n en la escuela Massana y, poco despu\u00e9s, empieza a trabajar como dise\u00f1ador. Trabaja en Par\u00eds como director art\u00edstico e ilustrador para agencias de publicidad. El 1977, y despu\u00e9s de un periodo de siete a\u00f1os, vuelve a Espa\u00f1a. Como dise\u00f1ador gr\u00e1fico e ilustrador ha trabajado para el Ayuntamiento de Barcelona, en \u201cLa Vanguardia\u201d, \u201cPlayboy\u201d y el canal televisivo TV3. Entre sus trabajos destaca el encargo de la Fundaci\u00f3n Mir\u00f3 para el montaje de la exposici\u00f3n \u201cTint\u00edn en Barcelona\u201d. <strong>Su estilo personal en cada una de las facetas que aborda le vali\u00f3 ser el premio Nacional de Dise\u00f1o en 1998.<\/strong> Acostumbrado a moverse en varios campos del dise\u00f1o y el arte, ha creado un estilo inconfundible, donde se mezcla la cr\u00edtica cotidiana con un mensaje universal en cada una de sus obras.<\/p>\n<p style=\"text-align: justify;\"><strong>Sergi Capell, de La Casa de Carlota<\/strong><\/p>\n<p style=\"text-align: justify;\"><a ref=\"magnificPopup\" href=\"https:\/\/fundaciosetba.org\/wp-content\/uploads\/2021\/02\/Sergi-Capell-e1613645485560.jpg\"><img loading=\"lazy\" decoding=\"async\" class=\"alignleft wp-image-20359 size-large\" src=\"https:\/\/fundaciosetba.org\/wp-content\/uploads\/2021\/12\/Sergi-Capell-1024x682.jpg\" alt=\"\" width=\"604\" height=\"402\" \/><\/a><\/p>\n<p style=\"text-align: justify;\">De formaci\u00f3n jur\u00eddica que pas\u00f3 veintid\u00f3s a\u00f1os en una entidad financiera, 12 de estos a\u00f1os los pas\u00f3 coordinando la actividad de Obra Social Caja Madrid en Catalu\u00f1a y Baleares responsabilidad desde la cual tuvo la oportunidad de profundizar y analizar proyectos de impacto social, tanto desde la vertiente cultural como desde la vertiente socioassistencial.<\/p>\n<p><strong>El 2012 funda, con en Josep Maria\u00a0Batalla, La Casa de Carlota.<\/strong> Durante 8 a\u00f1os, adem\u00e1s de gestionar la compa\u00f1\u00eda, se ha especializado en la implementaci\u00f3n de modelos de innovaci\u00f3n estrat\u00e9gica para proyectos de impacto y en el an\u00e1lisis de la incidencia de sistemas complejos en la producci\u00f3n creativa y ahora compagina su trabajo en la Casa de Carlota con mi actividad profesional como consultor especializado en el desarrollo de modelos de innovaci\u00f3n estrat\u00e9gica y an\u00e1lisis de complejidad para proyectos de impacto.<\/p>\n","protected":false},"excerpt":{"rendered":"<p>Una de las partes m\u00e1s relevantes del Premio Setba es la participaci\u00f3n de nuestro jurado profesional.<\/p>\n","protected":false},"author":1,"featured_media":29389,"comment_status":"closed","ping_status":"closed","sticky":false,"template":"","format":"standard","meta":{"footnotes":""},"categories":[1239],"tags":[],"class_list":["post-29392","post","type-post","status-publish","format-standard","has-post-thumbnail","hentry","category-premio-setba"],"_links":{"self":[{"href":"https:\/\/fundaciosetba.org\/es\/wp-json\/wp\/v2\/posts\/29392","targetHints":{"allow":["GET"]}}],"collection":[{"href":"https:\/\/fundaciosetba.org\/es\/wp-json\/wp\/v2\/posts"}],"about":[{"href":"https:\/\/fundaciosetba.org\/es\/wp-json\/wp\/v2\/types\/post"}],"author":[{"embeddable":true,"href":"https:\/\/fundaciosetba.org\/es\/wp-json\/wp\/v2\/users\/1"}],"replies":[{"embeddable":true,"href":"https:\/\/fundaciosetba.org\/es\/wp-json\/wp\/v2\/comments?post=29392"}],"version-history":[{"count":2,"href":"https:\/\/fundaciosetba.org\/es\/wp-json\/wp\/v2\/posts\/29392\/revisions"}],"predecessor-version":[{"id":31174,"href":"https:\/\/fundaciosetba.org\/es\/wp-json\/wp\/v2\/posts\/29392\/revisions\/31174"}],"wp:featuredmedia":[{"embeddable":true,"href":"https:\/\/fundaciosetba.org\/es\/wp-json\/wp\/v2\/media\/29389"}],"wp:attachment":[{"href":"https:\/\/fundaciosetba.org\/es\/wp-json\/wp\/v2\/media?parent=29392"}],"wp:term":[{"taxonomy":"category","embeddable":true,"href":"https:\/\/fundaciosetba.org\/es\/wp-json\/wp\/v2\/categories?post=29392"},{"taxonomy":"post_tag","embeddable":true,"href":"https:\/\/fundaciosetba.org\/es\/wp-json\/wp\/v2\/tags?post=29392"}],"curies":[{"name":"wp","href":"https:\/\/api.w.org\/{rel}","templated":true}]}}