{"id":29393,"date":"2021-02-18T00:00:00","date_gmt":"2021-02-17T23:00:00","guid":{"rendered":"https:\/\/fundaciosetba.org\/magistrals\/"},"modified":"2022-04-12T08:29:31","modified_gmt":"2022-04-12T07:29:31","slug":"magistrals","status":"publish","type":"post","link":"https:\/\/fundaciosetba.org\/es\/magistrals\/","title":{"rendered":"MAGISTRALS"},"content":{"rendered":"<p>Este proyecto nace por una <strong>demanda en formaci\u00f3n art\u00edstica por parte de las entidades que han colaborado con el Premio Setba.<\/strong> Durante las once ediciones, varias entidades que trabajan con discapacidad intelectual nos hab\u00edan hecho llegar que quer\u00edan profesionalizar sus talleres de arte.<\/p>\n<p>Por este motivo, el 2021 la Fundaci\u00f3n Setba pone en marcha un nuevo proyecto de formaci\u00f3n a cargo del artista pl\u00e1stico <strong>Jaime S\u00fanico<\/strong>.<\/p>\n<p>Con MAGISTRALS, la Fundaci\u00f3n quiere establecer alianzas entre diferentes agentes culturales y sociales, propiciando el intercambio de experiencias y perspectivas como herramienta de transformaci\u00f3n e integraci\u00f3n. Los principales objetivos del proyecto son:<\/p>\n<p>&#8211;\u00a0\u00a0\u00a0\u00a0\u00a0\u00a0\u00a0\u00a0\u00a0\u00a0\u00a0\u00a0\u00a0<strong> Formar art\u00edsticamente a los educadores sociales<\/strong> de las entidades<\/p>\n<p>&#8211;\u00a0\u00a0\u00a0\u00a0\u00a0\u00a0\u00a0\u00a0\u00a0\u00a0\u00a0\u00a0\u00a0 <strong>Profesionalizar los talleres<\/strong> de las entidades<\/p>\n<p>&#8211;\u00a0\u00a0\u00a0\u00a0\u00a0\u00a0\u00a0\u00a0\u00a0\u00a0\u00a0\u00a0\u00a0 <strong>Visibilizar los artistas<\/strong> con discapacidad intelectual<\/p>\n<p>&#8211;\u00a0\u00a0\u00a0\u00a0\u00a0\u00a0\u00a0\u00a0\u00a0\u00a0\u00a0\u00a0\u00a0<strong> Detectar el talento<\/strong> de estos artistas<\/p>\n<p>Principalmente estas sesiones ten\u00edan que ser presenciales, pero a causa de la pandemia se ha tenido que adaptar el proyecto a la situaci\u00f3n y hacerlas telem\u00e1ticamente. La Fundaci\u00f3n\u00a0Setba\u00a0<strong>est\u00e1 produciendo tres c\u00e1psulas audiovisuales donde Jaime\u00a0S\u00fanico\u00a0explica su metodolog\u00eda con el objetivo de detectar el talento y fomentar la pr\u00e1ctica art\u00edstica<\/strong>. Cada c\u00e1psula corresponde a una sesi\u00f3n de trabajo que las entidades tendr\u00e1n que seguir v\u00eda telem\u00e1tica.<\/p>\n<p>Las entidades que se benefician de la primera edici\u00f3n de MAGISTRALS son las ganadoras del Premio Setba, pero tambi\u00e9n se han seleccionado ocho de las cuales nunca fueron premiadas: Asproseat de Esplugues de Llobregat, Caviga de Viladecans, Fundaci\u00f3n Catalana S\u00edndrome de Down, Centro Ocupacional Les Corts y Estimia de Barcelona, Grupo Alba de Tarrega y Fundaci\u00f3n San Tom\u00e0s de Calldetenes, la Asociaci\u00f3n Discapacitados Aran, Adisga, Centro Ocupacional Pedralbes, Fundaci\u00f3n l&#8217;Estany, Taller Baix Camp, Fundaci\u00f3n TACO Osona, Centro Ocupacional &#8211; Fundaci\u00f3n Astros y CO Marquet Molins &#8211; APIP -ACAM.<\/p>\n<p>Jaime S\u00fanico es un artista de reconocido prestigio. Sus obras est\u00e1n a colecciones como el Museo de Montserrat, la Fundaci\u00f3n Kaminsky, la Colecci\u00f3n Testigo de la Fundaci\u00f3n La Caixa, la Fundaci\u00f3n Vila Casas y ha expuesto a galer\u00edas nacionales como Senda en Barcelona y Galerie von Braunbehrens de Munich o la Galer\u00eda Marwan Hoss de Paris, entre otros. Adem\u00e1s de su reconocimiento como artista profesional, S\u00fanico puerta implicado, desde su juventud, en diferentes proyectos sociales del mundo de la discapacidad<\/p>\n<p><iframe loading=\"lazy\" src=\"\/\/www.youtube.com\/embed\/eTLCwo1T0Fo\" width=\"560\" height=\"314\" allowfullscreen=\"allowfullscreen\"><\/iframe><\/p>\n","protected":false},"excerpt":{"rendered":"<p>(MAGISTRALES), el nuevo proyecto de formaci\u00f3n del Premi Setba<\/p>\n","protected":false},"author":1,"featured_media":0,"comment_status":"closed","ping_status":"closed","sticky":false,"template":"","format":"standard","meta":{"footnotes":""},"categories":[1090],"tags":[],"class_list":["post-29393","post","type-post","status-publish","format-standard","hentry","category-noticias"],"_links":{"self":[{"href":"https:\/\/fundaciosetba.org\/es\/wp-json\/wp\/v2\/posts\/29393","targetHints":{"allow":["GET"]}}],"collection":[{"href":"https:\/\/fundaciosetba.org\/es\/wp-json\/wp\/v2\/posts"}],"about":[{"href":"https:\/\/fundaciosetba.org\/es\/wp-json\/wp\/v2\/types\/post"}],"author":[{"embeddable":true,"href":"https:\/\/fundaciosetba.org\/es\/wp-json\/wp\/v2\/users\/1"}],"replies":[{"embeddable":true,"href":"https:\/\/fundaciosetba.org\/es\/wp-json\/wp\/v2\/comments?post=29393"}],"version-history":[{"count":1,"href":"https:\/\/fundaciosetba.org\/es\/wp-json\/wp\/v2\/posts\/29393\/revisions"}],"predecessor-version":[{"id":30778,"href":"https:\/\/fundaciosetba.org\/es\/wp-json\/wp\/v2\/posts\/29393\/revisions\/30778"}],"wp:attachment":[{"href":"https:\/\/fundaciosetba.org\/es\/wp-json\/wp\/v2\/media?parent=29393"}],"wp:term":[{"taxonomy":"category","embeddable":true,"href":"https:\/\/fundaciosetba.org\/es\/wp-json\/wp\/v2\/categories?post=29393"},{"taxonomy":"post_tag","embeddable":true,"href":"https:\/\/fundaciosetba.org\/es\/wp-json\/wp\/v2\/tags?post=29393"}],"curies":[{"name":"wp","href":"https:\/\/api.w.org\/{rel}","templated":true}]}}