{"id":29409,"date":"2021-04-14T00:00:00","date_gmt":"2021-04-13T23:00:00","guid":{"rendered":"https:\/\/fundaciosetba.org\/bases-natura-es-cultura-2021\/"},"modified":"2022-04-12T08:28:26","modified_gmt":"2022-04-12T07:28:26","slug":"bases-natura-es-cultura-2021","status":"publish","type":"post","link":"https:\/\/fundaciosetba.org\/es\/bases-natura-es-cultura-2021\/","title":{"rendered":"Bases &#8220;Natura \u00e9s Cultura&#8221; 2021"},"content":{"rendered":"<p>Informamos que ya est\u00e1n disponibles las <strong>bases de participaci\u00f3n<\/strong> para la d\u00e9cima edici\u00f3n del proyecto &#8220;Natura \u00e9s Cultura&#8221;, organizado por la Fundaci\u00f3n Setba y dirigido a entidades que trabajan para mejorar la vida de personas que conviven con trastornos mentales.<\/p>\r\n<p>Este proyecto consiste\u00a0en\u00a0un <strong>respiro art\u00edstico<\/strong> de una semana en la naturaleza para trabajar las artes pl\u00e1sticas.<\/p>\r\n<p><a ref=\"magnificPopup\" href=\"https:\/\/fundaciosetba.org\/wp-content\/uploads\/2012\/09\/20200925_104610-scaled-e1617097586238.jpg\"><img loading=\"lazy\" decoding=\"async\" class=\"alignleft size-large wp-image-20602\" src=\"https:\/\/fundaciosetba.org\/wp-content\/uploads\/2021\/12\/20200925_104610-768x1024.jpg\" alt=\"\" width=\"604\" height=\"471\" \/><\/a><\/p>\r\n<p><strong>\u00bfQUI\u00c9N PUEDE PARTICIPAR?<\/strong><br \/>Todas las entidades de Catalu\u00f1a que trabajen para mejorar la vida de personas que conviven con trastornos mentales.<\/p>\r\n<p><strong>\u00bfCU\u00c1NDO SER\u00c1 LA ESTANCIA?<\/strong><br \/>El proyecto se llevar\u00e1 a cabo durante el mes de septiembre de 2021 en la residencia de artistas Cal Gras (Aviny\u00f3).<\/p>\r\n<p><strong>\u00bfC\u00d3MO PUEDO PARTICIPAR?<\/strong><br \/>Desc\u00e1rgate las <a href=\"https:\/\/fundaciosetba.org\/wp-content\/uploads\/2021\/04\/BASES-Natura-es-Cultura-2021-3.pdf\">BASES Natura \u00e9s Cultura 2021<\/a> y, si re\u00fanes todos los requisitos, rellena el formulario de participaci\u00f3n.<\/p>\r\n<h4 style=\"text-align: center;\"><a href=\"https:\/\/fundaciosetba.org\/wp-content\/uploads\/2021\/04\/BASES-Natura-es-Cultura-2021-3.pdf\">BASES Natura \u00e9s Cultura 2021<\/a><\/h4>\r\n<p>&nbsp;<\/p>\r\n<p>La recepci\u00f3n de solicitudes <strong>finalizar\u00e1 el lunes 31 de mayo de 2021<\/strong>\u00a0a las 23:59h.\u00a0De entre todas las entidades solicitantes se realizar\u00e1 un sorteo para escoger la entidad beneficiaria.<\/p>\r\n<p>Para cualquier consulta: maria@fundaciosetba.org<\/p>\r\n<p>Descubre c\u00f3mo fue la edici\u00f3n 2019 en este video:<\/p>\r\n<p><iframe loading=\"lazy\" src=\"\/\/www.youtube.com\/embed\/6jwQJ7y4L_M\" width=\"560\" height=\"314\" allowfullscreen=\"allowfullscreen\" data-mce-fragment=\"1\"><\/iframe><\/p>\r\n","protected":false},"excerpt":{"rendered":"<p>Proyecto art\u00edstico dirigido a personas que conviven con transtornos mentales<\/p>\n","protected":false},"author":1,"featured_media":29406,"comment_status":"closed","ping_status":"closed","sticky":false,"template":"","format":"standard","meta":{"footnotes":""},"categories":[1090],"tags":[],"class_list":["post-29409","post","type-post","status-publish","format-standard","has-post-thumbnail","hentry","category-noticias"],"_links":{"self":[{"href":"https:\/\/fundaciosetba.org\/es\/wp-json\/wp\/v2\/posts\/29409","targetHints":{"allow":["GET"]}}],"collection":[{"href":"https:\/\/fundaciosetba.org\/es\/wp-json\/wp\/v2\/posts"}],"about":[{"href":"https:\/\/fundaciosetba.org\/es\/wp-json\/wp\/v2\/types\/post"}],"author":[{"embeddable":true,"href":"https:\/\/fundaciosetba.org\/es\/wp-json\/wp\/v2\/users\/1"}],"replies":[{"embeddable":true,"href":"https:\/\/fundaciosetba.org\/es\/wp-json\/wp\/v2\/comments?post=29409"}],"version-history":[{"count":2,"href":"https:\/\/fundaciosetba.org\/es\/wp-json\/wp\/v2\/posts\/29409\/revisions"}],"predecessor-version":[{"id":30915,"href":"https:\/\/fundaciosetba.org\/es\/wp-json\/wp\/v2\/posts\/29409\/revisions\/30915"}],"wp:featuredmedia":[{"embeddable":true,"href":"https:\/\/fundaciosetba.org\/es\/wp-json\/wp\/v2\/media\/29406"}],"wp:attachment":[{"href":"https:\/\/fundaciosetba.org\/es\/wp-json\/wp\/v2\/media?parent=29409"}],"wp:term":[{"taxonomy":"category","embeddable":true,"href":"https:\/\/fundaciosetba.org\/es\/wp-json\/wp\/v2\/categories?post=29409"},{"taxonomy":"post_tag","embeddable":true,"href":"https:\/\/fundaciosetba.org\/es\/wp-json\/wp\/v2\/tags?post=29409"}],"curies":[{"name":"wp","href":"https:\/\/api.w.org\/{rel}","templated":true}]}}