{"id":29413,"date":"2021-04-27T00:00:00","date_gmt":"2021-04-26T23:00:00","guid":{"rendered":"https:\/\/fundaciosetba.org\/seleccionats-al-programa-impulsa-cultura-de-la-fundacio-catalunya-cultura\/"},"modified":"2022-04-11T16:16:18","modified_gmt":"2022-04-11T15:16:18","slug":"seleccionats-al-programa-impulsa-cultura-de-la-fundacio-catalunya-cultura","status":"publish","type":"post","link":"https:\/\/fundaciosetba.org\/es\/seleccionats-al-programa-impulsa-cultura-de-la-fundacio-catalunya-cultura\/","title":{"rendered":"Seleccionados al Programa Impulsa Cultura de la Fundaci\u00f3n Catalunya Cultura"},"content":{"rendered":"<p>La Fundaci\u00f3n Setba ha sido seleccionada en el PROGRAMA IMPULSA CULTURA de la Fundaci\u00f3n Catalunya Cultura gracias a su proyecto fotogr\u00e1fico y editorial <a href=\"https:\/\/fundaciosetba.org\/es\/traspassant-lobjectiu\/\">\u201cTraspassant l&#8217;objectiu&#8221; (&#8220;Traspasando el objetivo\u201d).<\/a><\/p>\n<p>El Programa IMPULSA CULTURA es un plan de formaci\u00f3n y acompa\u00f1amiento que la Fundaci\u00f3n Catalunya Cultura ofrece anualmente y de manera gratuita a proyectos culturales de todo el territorio.<\/p>\n<p>El objetivo del programa es trabajar con las personas participantes aquellos aspectos clave que las ayudar\u00e1 a impulsar su proyecto, desarrollando de manera integral su estrategia para acontecer m\u00e1s sostenibles.<\/p>\n<p>Este programa proporciona herramientas y capacita sus participantes con contenidos de valor a trav\u00e9s de un heterog\u00e9neo profesorado con distinguidas trayectorias profesionales y el <em>know-how<\/em> de la industria cultural. El programa incide tambi\u00e9n en la necesidad de atraer el inter\u00e9s de las empresas facilitando as\u00ed el acceso del sector cultural a la financiaci\u00f3n privada incentivando y proporcionando nuevas experiencias de colaboraci\u00f3n.<\/p>\n<p>Durante los meses de abril y mayo, la Fundaci\u00f3n Setba est\u00e1 participando en los webinars organizados por la Fundaci\u00f3n Catalunya Cultura.<\/p>\n<p><a ref=\"magnificPopup\" href=\"https:\/\/fundaciosetba.org\/wp-content\/uploads\/2021\/12\/04_impulsa-cultura.jpg\"><img loading=\"lazy\" decoding=\"async\" class=\"alignleft size-full wp-image-20695\" src=\"https:\/\/fundaciosetba.org\/wp-content\/uploads\/2021\/12\/04_impulsa-cultura.jpg\" alt=\"\" width=\"709\" height=\"750\" \/><\/a><\/p>\n","protected":false},"excerpt":{"rendered":"<p>La Fundaci\u00f3n Setba ha sido seleccionada en el PROGRAMA IMPULSA CULTURA de la Fundaci\u00f3n Catalunya Cultura gracias a su proyecto fotogr\u00e1fico y editorial \u201cTraspassant l&#8217;objectiu&#8221; (&#8220;Traspasando el objetivo\u201d). El Programa IMPULSA CULTURA es un plan de formaci\u00f3n y acompa\u00f1amiento que la Fundaci\u00f3n Catalunya Cultura ofrece anualmente y de manera gratuita a proyectos culturales de todo&#8230;<\/p>\n","protected":false},"author":1,"featured_media":29651,"comment_status":"closed","ping_status":"closed","sticky":false,"template":"","format":"standard","meta":{"footnotes":""},"categories":[1238],"tags":[],"class_list":["post-29413","post","type-post","status-publish","format-standard","has-post-thumbnail","hentry","category-traspasando-el-objetivo"],"_links":{"self":[{"href":"https:\/\/fundaciosetba.org\/es\/wp-json\/wp\/v2\/posts\/29413","targetHints":{"allow":["GET"]}}],"collection":[{"href":"https:\/\/fundaciosetba.org\/es\/wp-json\/wp\/v2\/posts"}],"about":[{"href":"https:\/\/fundaciosetba.org\/es\/wp-json\/wp\/v2\/types\/post"}],"author":[{"embeddable":true,"href":"https:\/\/fundaciosetba.org\/es\/wp-json\/wp\/v2\/users\/1"}],"replies":[{"embeddable":true,"href":"https:\/\/fundaciosetba.org\/es\/wp-json\/wp\/v2\/comments?post=29413"}],"version-history":[{"count":2,"href":"https:\/\/fundaciosetba.org\/es\/wp-json\/wp\/v2\/posts\/29413\/revisions"}],"predecessor-version":[{"id":30914,"href":"https:\/\/fundaciosetba.org\/es\/wp-json\/wp\/v2\/posts\/29413\/revisions\/30914"}],"wp:featuredmedia":[{"embeddable":true,"href":"https:\/\/fundaciosetba.org\/es\/wp-json\/wp\/v2\/media\/29651"}],"wp:attachment":[{"href":"https:\/\/fundaciosetba.org\/es\/wp-json\/wp\/v2\/media?parent=29413"}],"wp:term":[{"taxonomy":"category","embeddable":true,"href":"https:\/\/fundaciosetba.org\/es\/wp-json\/wp\/v2\/categories?post=29413"},{"taxonomy":"post_tag","embeddable":true,"href":"https:\/\/fundaciosetba.org\/es\/wp-json\/wp\/v2\/tags?post=29413"}],"curies":[{"name":"wp","href":"https:\/\/api.w.org\/{rel}","templated":true}]}}