{"id":29442,"date":"2021-05-25T00:00:00","date_gmt":"2021-05-24T23:00:00","guid":{"rendered":"https:\/\/fundaciosetba.org\/traspassant-murs-de-zosen-bandido-i-mina-hamada-a-els-tillers\/"},"modified":"2022-04-11T16:08:37","modified_gmt":"2022-04-11T15:08:37","slug":"traspassant-murs-de-zosen-bandido-i-mina-hamada-a-els-tillers","status":"publish","type":"post","link":"https:\/\/fundaciosetba.org\/es\/traspassant-murs-de-zosen-bandido-i-mina-hamada-a-els-tillers\/","title":{"rendered":"Metodolog\u00eda de Zosen Bandido y Mina Hamada en Els Til\u00b7lers"},"content":{"rendered":"<p>\u201cTraspassant Murs\u201d es un proyecto art\u00edstico comunitario, organizado por la Fundaci\u00f3n Setba, que <strong>propone transformar art\u00edsticamente los muros que rodean los Centros Educativos de Just\u00edcia Juvenil de Catalu\u00f1a,<\/strong> para posteriormente &#8220;traspasarlos&#8221; y hacer visible la realidad de estos j\u00f3venes, que muchas veces sufren el rechazo de la sociedad.\u00a0<\/p>\r\n<p>Los objetivos que se persiguen con la realizaci\u00f3n de una obra de arte comunitaria son: despertar el inter\u00e9s por el arte, aprender a trabajar en grupo, calmar la ansiedad y fomentar el empoderamiento y la autoestima.\u00a0<\/p>\r\n<p>El proyecto se inici\u00f3 en 2018 en Can Llupi\u00e0 de Barcelona, bajo la direcci\u00f3n art\u00edstica de Marcel\u00b7l\u00ed Ant\u00fanez, artista multidisciplinar y co fundador de la Fura dels Baus.<\/p>\r\n<p>Se ha dedido hacer la primera r\u00e9plica de \u201cTraspassant Murs\u201d en el C.E. Els Til\u00b7lers (Mollet) porque es el <strong>\u00fanico centro donde hay chicas<\/strong>, de las cuales solo ocupan el 5% del total de las plazas de los C.E., <strong>y adem\u00e1s, es donde est\u00e1 la unidad terap\u00e9utica que acoge a los j\u00f3venes con problemas de salud mental<\/strong> y de la cual Sant Joan de D\u00e9u lleva el seguimiento.<\/p>\r\n<p>En esta edici\u00f3n se ha hecho una colaboraci\u00f3n con B-MURALS, un centro especializado en arte urbano con sede en Barcelona, que encaja perfectamente con los objetivos de la Fundaci\u00f3n y que representan los artistas urbanos que han dirigido el proyecto: <strong>Mina Hamada y Zosen Bandido<\/strong>. Dos artistas reconocidos a nivel mundial que acumulan m\u00e1s de 50.000 seguidores en Instagram.<\/p>\r\n<p><a ref=\"magnificPopup\" href=\"https:\/\/fundaciosetba.org\/wp-content\/uploads\/2021\/12\/zosen-i-mina-4.jpg\"><img loading=\"lazy\" decoding=\"async\" class=\"alignleft size-full wp-image-20710\" src=\"https:\/\/fundaciosetba.org\/wp-content\/uploads\/2021\/12\/zosen-i-mina-4.jpg\" alt=\"\" width=\"850\" height=\"675\" \/><\/a><\/p>\r\n<p>Este d\u00fao art\u00edstico ha recorrido el mundo pintando murales y haciendo participar a la gente en el proceso de creaci\u00f3n. Han intervenido art\u00edsticamente desde la pared de una escuela hasta un edificio del barrio de la Mina o una casa particular en el Vall\u00e8s.<\/p>\r\n<p>Adem\u00e1s, durante la intervenci\u00f3n al muro dels Til\u00b7lers hemos contado con una persona muy especial dentro del equipo de trabajo: a <strong>Karem Capseta<\/strong>.<\/p>\r\n<p><a ref=\"magnificPopup\" href=\"https:\/\/fundaciosetba.org\/wp-content\/uploads\/2021\/05\/karem-scaled.jpg\"><img loading=\"lazy\" decoding=\"async\" class=\"alignleft size-large wp-image-20744\" src=\"https:\/\/fundaciosetba.org\/wp-content\/uploads\/2021\/12\/karem-1024x801.jpg\" alt=\"\" width=\"604\" height=\"472\" \/><\/a><\/p>\r\n<p>Una joven que particip\u00f3 en el proyecto de 2019 y que destac\u00f3 por su creatividad. Adem\u00e1s hemos contado con la participaci\u00f3n de seis j\u00f3venes de la Facultad de Bellas artes de la Universidad de Barcelona. Concretamente, con J\u00e8ssica \u00c1lvarez, Mariona Armengol, Josep Herrera, Guillem Herrera, Samuel y Eugenia Garcia, que han apoyado a los j\u00f3venes y los han ayudado a pintar durante toda su intervenci\u00f3n. Se han creado unas sinergias muy potentes y beneficiosas para todo el mundo que ha participado en el proyecto.<\/p>\r\n<p>Antes de la intervenci\u00f3n al muro hay un trabajo previo. <strong>La Fundaci\u00f3n Setba presenta el proyecto y se env\u00edan unas libretas a los j\u00f3venes porque a trav\u00e9s del dibujo respondan a tres preguntas<\/strong>: \u00bfQu\u00e9 es lo que sabes hacer mejor? \u00bfQu\u00e9 has aprendido aqu\u00ed en Els Til\u00b7lers? \u00bfQu\u00e9 es lo que m\u00e1s te apetece hacer cuando salgas del centro?<\/p>\r\n<p><strong>Zosen Bandido y Mina Hamada analizaron los dibujos y dise\u00f1aron lo que ser\u00eda el muro.<\/strong> La sorpresa de los j\u00f3venes fue que cuando vieron el dise\u00f1o se sintieron representados. Primer objetivo: CUMPLIDO!<a ref=\"magnificPopup\" href=\"https:\/\/fundaciosetba.org\/wp-content\/uploads\/2021\/05\/Els-Tillers-1.jpg\"><img loading=\"lazy\" decoding=\"async\" class=\"alignleft  wp-image-20748\" src=\"https:\/\/fundaciosetba.org\/wp-content\/uploads\/2021\/12\/Els-Tillers-1-1024x724.jpg\" alt=\"\" width=\"818\" height=\"578\" \/><\/a><\/p>\r\n<p>El primer d\u00eda, <strong>Zosen se encarg\u00f3 de traspasar el dise\u00f1o al muro a grafito<\/strong> porque los j\u00f3venes a trav\u00e9s de esprays de pintura de base de agua de la empresa Montana Colors lo resiguieran. Antes, pero, el artista les ense\u00f1\u00f3 a utilizarlos y por eso hicieron uso de cajas de cart\u00f3n.<\/p>\r\n\r\n<figure class=\"wp-block-gallery columns-2 is-cropped wp-block-gallery-1 is-layout-flex wp-block-gallery-is-layout-flex\">\r\n<ul class=\"blocks-gallery-grid\">\r\n<li class=\"blocks-gallery-item\">\r\n<figure><img decoding=\"async\" class=\"wp-image-20758\" src=\"https:\/\/fundaciosetba.org\/wp-content\/uploads\/2021\/12\/Dia-1-Maria-1-1-1024x768.jpg\" alt=\"\" data-id=\"20758\" data-link=\"https:\/\/fundaciosetba.org\/traspassant-murs-de-zosen-bandido-i-mina-hamada-a-els-tillers\/dia-1-maria-1-1\/\" \/><\/figure>\r\n<\/li>\r\n<li class=\"blocks-gallery-item\">\r\n<figure><img decoding=\"async\" class=\"wp-image-20762\" src=\"https:\/\/fundaciosetba.org\/wp-content\/uploads\/2021\/12\/Dia-2-SAM-2-1024x683.jpg\" alt=\"\" data-id=\"20762\" data-link=\"https:\/\/fundaciosetba.org\/traspassant-murs-de-zosen-bandido-i-mina-hamada-a-els-tillers\/dia-2-sam-2\/\" \/><\/figure>\r\n<\/li>\r\n<\/ul>\r\n<\/figure>\r\n\r\n\r\n\r\n<p><strong><br \/>Despu\u00e9s de la intervenci\u00f3n con los esprays de pintura<\/strong>, lleg\u00f3 el momento en el que el artista, junto con todo el equipo de trabajo, <strong>ense\u00f1aron a los j\u00f3venes a pintar con pinceles y brocha<\/strong>s, para dar luz y color al muro. Segu\u00edan un esquema de distribuci\u00f3n de colores dise\u00f1ado por los dos artistas. Con 21 colores previamente mezclados y proporcionados por\u00a0Pinturas\u00a0Lepanto, los j\u00f3venes fueron completando el muro. Con esta acci\u00f3n se contribuye a su concentraci\u00f3n haciendo una tarea que tambi\u00e9n les permite liberarse. Al mismo tiempo que hacen un trabajo en equipo, porque todo el mundo pinta el muro.<\/p>\r\n\r\n\r\n\r\n<figure class=\"wp-block-gallery columns-1 is-cropped wp-block-gallery-2 is-layout-flex wp-block-gallery-is-layout-flex\">\r\n<ul class=\"blocks-gallery-grid\">\r\n<li class=\"blocks-gallery-item\">\r\n<figure><img decoding=\"async\" class=\"wp-image-20790\" src=\"https:\/\/fundaciosetba.org\/wp-content\/uploads\/2021\/12\/Maria-Dia-4-Tillers-14-1-1024x768.jpg\" alt=\"\" data-id=\"20790\" data-full-url=\"https:\/\/fundaciosetba.org\/wp-content\/uploads\/2021\/05\/Maria-Dia-4-Tillers-14-1-scaled.jpg\" data-link=\"https:\/\/fundaciosetba.org\/traspassant-murs-de-zosen-bandido-i-mina-hamada-a-els-tillers\/maria-dia-4-tillers-14-1\/\" \/><\/figure>\r\n<\/li>\r\n<\/ul>\r\n<\/figure>\r\n\r\n\r\n\r\n<figure class=\"wp-block-gallery columns-1 is-cropped wp-block-gallery-3 is-layout-flex wp-block-gallery-is-layout-flex\">\r\n<ul class=\"blocks-gallery-grid\">\r\n<li class=\"blocks-gallery-item\">\r\n<figure><img decoding=\"async\" class=\"wp-image-20794\" src=\"https:\/\/fundaciosetba.org\/wp-content\/uploads\/2021\/12\/Maria-Dia-4-Tillers-17-1-1024x631.jpg\" alt=\"\" data-id=\"20794\" data-full-url=\"https:\/\/fundaciosetba.org\/wp-content\/uploads\/2021\/05\/Maria-Dia-4-Tillers-17-1-scaled.jpg\" data-link=\"https:\/\/fundaciosetba.org\/traspassant-murs-de-zosen-bandido-i-mina-hamada-a-els-tillers\/maria-dia-4-tillers-17-1\/\" \/><\/figure>\r\n<\/li>\r\n<\/ul>\r\n<\/figure>\r\n\r\n\r\n\r\n<p><br \/>De mientras\u00a0Zosen, el director art\u00edstico;\u00a0Karem\u00a0Capseta, participante de la primera edici\u00f3n y actualmente miembro del equipo art\u00edstico del proyecto; y diferentes estudiantes de la Facultad de Bellas artes de la UB iban supervisando el trabajo art\u00edstico.<\/p>\r\n\r\n\r\n\r\n<p><br \/>Desde la Fundaci\u00f3n\u00a0Setba\u00a0y el equipo de trabajo estamos muy contentos de c\u00f3mo se ha trabajado la transformaci\u00f3n del muro del C.E. Els Til\u00b7lers.<\/p>\r\n\r\n\r\n\r\n<p>Los y las j\u00f3venes del centro han tenido la oportunidad de aprender o perfeccionar el uso de herramientas de pintura. Han aprendido a pintar con esprays de pintura y con brochas y pinceles. Y lo han hecho de manera muy profesional y adulta.<\/p>\r\n\r\n\r\n\r\n<p>Esta semana est\u00e1n ultimando los detalles firmando la obra comunitaria como coautores, junto con\u00a0Zosen\u00a0y Mina.<\/p>\r\n\r\n\r\n\r\n<p>Este proyecto recibe el apoyo del Departament de Just\u00edcia de la Generalitat de Catalunya, Pinturas Lepanto, Montana Colors, Cementos Molins\/Promsa, B-MURALS , Difusor Barcelona y la Facultad de Bellas Artes de la Universidad de Barcelona.<\/p>\r\n","protected":false},"excerpt":{"rendered":"<p>\u201cTraspassant Murs\u201d es un proyecto art\u00edstico comunitario, organizado por la Fundaci\u00f3n Setba, que propone transformar art\u00edsticamente los muros que rodean los Centros Educativos de Just\u00edcia Juvenil de Catalu\u00f1a, para posteriormente &#8220;traspasarlos&#8221; y hacer visible la realidad de estos j\u00f3venes, que muchas veces sufren el rechazo de la sociedad.\u00a0 Los objetivos que se persiguen con la&#8230;<\/p>\n","protected":false},"author":1,"featured_media":29430,"comment_status":"closed","ping_status":"closed","sticky":false,"template":"","format":"standard","meta":{"footnotes":""},"categories":[1241],"tags":[],"class_list":["post-29442","post","type-post","status-publish","format-standard","has-post-thumbnail","hentry","category-traspasando-muros"],"_links":{"self":[{"href":"https:\/\/fundaciosetba.org\/es\/wp-json\/wp\/v2\/posts\/29442","targetHints":{"allow":["GET"]}}],"collection":[{"href":"https:\/\/fundaciosetba.org\/es\/wp-json\/wp\/v2\/posts"}],"about":[{"href":"https:\/\/fundaciosetba.org\/es\/wp-json\/wp\/v2\/types\/post"}],"author":[{"embeddable":true,"href":"https:\/\/fundaciosetba.org\/es\/wp-json\/wp\/v2\/users\/1"}],"replies":[{"embeddable":true,"href":"https:\/\/fundaciosetba.org\/es\/wp-json\/wp\/v2\/comments?post=29442"}],"version-history":[{"count":3,"href":"https:\/\/fundaciosetba.org\/es\/wp-json\/wp\/v2\/posts\/29442\/revisions"}],"predecessor-version":[{"id":30912,"href":"https:\/\/fundaciosetba.org\/es\/wp-json\/wp\/v2\/posts\/29442\/revisions\/30912"}],"wp:featuredmedia":[{"embeddable":true,"href":"https:\/\/fundaciosetba.org\/es\/wp-json\/wp\/v2\/media\/29430"}],"wp:attachment":[{"href":"https:\/\/fundaciosetba.org\/es\/wp-json\/wp\/v2\/media?parent=29442"}],"wp:term":[{"taxonomy":"category","embeddable":true,"href":"https:\/\/fundaciosetba.org\/es\/wp-json\/wp\/v2\/categories?post=29442"},{"taxonomy":"post_tag","embeddable":true,"href":"https:\/\/fundaciosetba.org\/es\/wp-json\/wp\/v2\/tags?post=29442"}],"curies":[{"name":"wp","href":"https:\/\/api.w.org\/{rel}","templated":true}]}}