{"id":29446,"date":"2021-06-09T00:00:00","date_gmt":"2021-06-08T23:00:00","guid":{"rendered":"https:\/\/fundaciosetba.org\/memoria-dactivitats-2020\/"},"modified":"2022-04-12T08:27:21","modified_gmt":"2022-04-12T07:27:21","slug":"memoria-dactivitats-2020","status":"publish","type":"post","link":"https:\/\/fundaciosetba.org\/es\/memoria-dactivitats-2020\/","title":{"rendered":"Memoria de actividades 2020"},"content":{"rendered":"<p>Ya pod\u00e9is consultar nuestra memoria de actividades de 2020 en formato digital.\u00a0<\/p>\r\n<p><a ref=\"magnificPopup\" href=\"https:\/\/fundaciosetba.org\/wp-content\/uploads\/2021\/06\/4114412.png\"><img loading=\"lazy\" decoding=\"async\" class=\"alignleft size-large wp-image-20832\" src=\"https:\/\/fundaciosetba.org\/wp-content\/uploads\/2021\/12\/4114412-1024x1024.png\" alt=\"\" width=\"604\" height=\"604\" \/><\/a><\/p>\r\n<p>&#8220;El 2020 ha sido un a\u00f1o que nadie olvidar\u00e1: pandemia, confinamiento, cierre de<br \/>establecimientos, cambios de h\u00e1bitos, teletrabajo, aislamiento y soledad. Ha sido<br \/>complicado y lo habr\u00eda sido mucho m\u00e1s sin la cultura, que, una vez m\u00e1s, nos ha salvado.<br \/>La Fundaci\u00f3n tuvo que suspender proyectos como por ejemplo el de \u201cDe l&#8217;ombra a<br \/>la llum&#8221; (De la sombra a la luz) y aplazar otros como \u201cTraspassant murs&#8221; (Traspasando<br \/>muros). Sin embargo, han empezado otros nuevos, como el proyecto de fotograf\u00eda<br \/>participativa \u201cTraspassant l&#8217;objectiu&#8221; (Traspasando el objetivo), con el m\u00f3dulo de<br \/>mujeres de Brians 1. De nuevo, la colaboraci\u00f3n y el apoyo del Departamento de Justicia ha sido fundamental, y estamos muy agradecidos por la confianza que han depositado en nuestro equipo y en la directora art\u00edstica, Marta F\u00e0bregas.<\/p>\r\n<p><br \/>Nuestra misi\u00f3n es contribuir a la transformaci\u00f3n de la sociedad a trav\u00e9s de la cultura y dar herramientas a personas en riesgo de exclusi\u00f3n para que puedan expresarse. Es por eso que nos sentimos orgullosos del trabajo hecho, especialmente cuando una de las participantes nos dijo, al acabar el proyecto: \u201cHoy creo en mis alas\u201d. Porque muchos proyectos de este tipo funcionan sobre el papel, pero no todos llegan a las personas.<\/p>\r\n<p><br \/>Adem\u00e1s de las instituciones, a\u00f1o tras a\u00f1o hemos ido involucrando empresas privadas en nuestros proyectos. Desde estas l\u00edneas quiero agradecer especialmente a Panasonic, Marc Mart\u00ed, Pinturas Lepanto y Barna-Art su apoyo, que nos hayan ayudado a difundirlos y que los hayan vivido desde primera l\u00ednea.<\/p>\r\n<p><br \/>A pesar de todo, el 2020 tambi\u00e9n nos ha dejado buenas noticias, como la puesta en, marcha del primer proyecto de la Fundaci\u00f3n Setba Chile: \u201cLos colores de mi alma\u201d, un certamen de pintura para artistas con discapacidad, a imagen y semejanza del &#8220;Premio Setba&#8221;. En los pr\u00f3ximos a\u00f1os, queremos establecer conexiones entre las dos sedes de la Fundaci\u00f3n para intercambiar experiencias y proyectos, porque estamos convencidos de que el arte es un lenguaje universal que llega a todo el mundo. Y, como dec\u00eda el poeta chileno Pablo Neruda: \u201cPodr\u00e1n cortar todas las floras pero no podr\u00e1n detener la primavera<span style=\"font-size: inherit;\">\u201d.&#8221;<\/span><\/p>\r\n\r\n<p class=\"has-text-align-right\"><strong>Dar\u00edo Olaortua<\/strong><br \/>President de la Fundaci\u00f3 Setba<\/p>\r\n\r\n\r\n\r\n<p>&nbsp;<\/p>\r\n\r\n\r\n\r\n<p>Si quer\u00e9is conocer todos los proyectos que la Fundaci\u00f3n Setba ha desarrollado en este a\u00f1o tan at\u00edpico, haced clic en el siguiente enlace:<\/p>\r\n\r\n\r\n\r\n<div class=\"wp-block-buttons is-layout-flex wp-block-buttons-is-layout-flex\">\r\n<div class=\"wp-block-button is-style-outline is-style-outline--1\"><a class=\"wp-block-button__link\" href=\"https:\/\/issuu.com\/fundaciosetba\/docs\/mem_ria_fundaci_setba_2020_cat_issu\" target=\"_blank\" rel=\"noopener\">Memoria 2020 catal\u00e1n<\/a><\/div>\r\n\r\n\r\n\r\n<div class=\"wp-block-button is-style-outline is-style-outline--2\"><a class=\"wp-block-button__link\" href=\"https:\/\/issuu.com\/fundaciosetba\/docs\/mem_ria_fundaci_setba_2020_castella_issu\" target=\"_blank\" rel=\"https:\/\/issuu.com\/fundaciosetba\/docs\/mem_ria_fundaci_setba_2020_castella_issu noopener\">Memoria 2020 castellano<\/a><\/div>\r\n<\/div>\r\n\r\n\r\n\r\n<p>&nbsp;<\/p>\r\n\r\n\r\n\r\n<p>&nbsp;<\/p>\r\n\r\n\r\n\r\n<p>Gracias a todas las instituciones, empresas, artistas y colaboradores que han hecho posible que la cultura y el arte continue llegando a los colectivos m\u00e1s desfavorecidos.<\/p>\r\n\r\n\r\n\r\n<p>#CulturaConValorSocial<\/p>\r\n\r\n\r\n\r\n<p><em>Cultura. Generalitat de Catalunya Just\u00edcia. Generalitat de Catalunya Ajuntament de Barcelona Ajuntament Aviny\u00f3 Ajuntament de Manresa Ajuntament Argentona Dincat Fundaci\u00f3n &#8220;la Caixa&#8221; #ArtforChangelaCaixa CaixaBank Institut Catal\u00e0 de les Dones. Generalitat de Catalunya. TMB, Transports Metropolitans de Barcelona Es Olympus La Casa de Carlota Pinturas Lepanto Casanova Foto Chocolates Torras MIR Museu del Futbol Club Barcelona Ron Negrita &#8211; Bardinet Vinalium Fundaci\u00f3 Conservatori Liceu Centre C\u00edvic Pati Llimona Associaci\u00f3 d&#8217;Amics i Comerciants de la Pla\u00e7a Reial Coordinadora Catalana de Fundacions La Fotogr\u00e0fica Sant Tom\u00e0s Cal Gras, resid\u00e8ncia d&#8217;artistes Iefc Marc Mart\u00ed Movistar+ Panasonic Espa\u00f1a Asproseat Diputaci\u00f3 de Barcelona Capital Care Maquillaje Tutusaus CaixaForum Palau Robert. Generalitat de Catalunya, Ita salud mental Radio Nikosia Fundaci\u00f3 Althaia Fundaci\u00f3 Els Tres Turons, Biblioteca del Casino de Manresa Fira Mediterr\u00e0nia Manresa ESCAC Escola Superior de Cinema i Audiovisuals de Catalunya Escola Massana Centre d&#8217;Art i Disseny de Barcelona Universitat de Barcelona C\u00f2pia Pigment Gallery Marta F\u00e0bregas Aragall Quim Moya Ventura Camacho Josep Serra Marcelli Ant\u00fanez Roca<\/em><\/p>\r\n","protected":false},"excerpt":{"rendered":"<p>Ja podeu consultar la nostra mem\u00f2ria d&#8217;activitats de 2020 en format digital.<\/p>\n","protected":false},"author":1,"featured_media":29443,"comment_status":"closed","ping_status":"closed","sticky":false,"template":"","format":"standard","meta":{"footnotes":""},"categories":[1090],"tags":[],"class_list":["post-29446","post","type-post","status-publish","format-standard","has-post-thumbnail","hentry","category-noticias"],"_links":{"self":[{"href":"https:\/\/fundaciosetba.org\/es\/wp-json\/wp\/v2\/posts\/29446","targetHints":{"allow":["GET"]}}],"collection":[{"href":"https:\/\/fundaciosetba.org\/es\/wp-json\/wp\/v2\/posts"}],"about":[{"href":"https:\/\/fundaciosetba.org\/es\/wp-json\/wp\/v2\/types\/post"}],"author":[{"embeddable":true,"href":"https:\/\/fundaciosetba.org\/es\/wp-json\/wp\/v2\/users\/1"}],"replies":[{"embeddable":true,"href":"https:\/\/fundaciosetba.org\/es\/wp-json\/wp\/v2\/comments?post=29446"}],"version-history":[{"count":2,"href":"https:\/\/fundaciosetba.org\/es\/wp-json\/wp\/v2\/posts\/29446\/revisions"}],"predecessor-version":[{"id":30910,"href":"https:\/\/fundaciosetba.org\/es\/wp-json\/wp\/v2\/posts\/29446\/revisions\/30910"}],"wp:featuredmedia":[{"embeddable":true,"href":"https:\/\/fundaciosetba.org\/es\/wp-json\/wp\/v2\/media\/29443"}],"wp:attachment":[{"href":"https:\/\/fundaciosetba.org\/es\/wp-json\/wp\/v2\/media?parent=29446"}],"wp:term":[{"taxonomy":"category","embeddable":true,"href":"https:\/\/fundaciosetba.org\/es\/wp-json\/wp\/v2\/categories?post=29446"},{"taxonomy":"post_tag","embeddable":true,"href":"https:\/\/fundaciosetba.org\/es\/wp-json\/wp\/v2\/tags?post=29446"}],"curies":[{"name":"wp","href":"https:\/\/api.w.org\/{rel}","templated":true}]}}