{"id":29462,"date":"2021-06-18T00:00:00","date_gmt":"2021-06-17T23:00:00","guid":{"rendered":"https:\/\/fundaciosetba.org\/traspassant-murs-2\/"},"modified":"2022-04-12T08:23:42","modified_gmt":"2022-04-12T07:23:42","slug":"traspassant-murs-2","status":"publish","type":"post","link":"https:\/\/fundaciosetba.org\/es\/traspassant-murs-2\/","title":{"rendered":"Traspassant Murs (Traspasando Muros)"},"content":{"rendered":"<p>\u201cTraspassant Murs\u201d es un proyecto art\u00edstico comunitario, organizado por la Fundaci\u00f3n Setba, que <strong>propone transformar art\u00edsticamente los muros que rodean los Centros Educativos de Justicia Juvenil de Catalu\u00f1a<\/strong>, para posteriormente \u201ctraspasarlo\u201d y hacer visible la realidad de estos j\u00f3venes, que muchas veces sufren el rechazo de la sociedad.<\/p>\r\n<p>Los objetivos que se persiguen con la realizaci\u00f3n de una obra de arte comunitaria son: despertar el inter\u00e9s por el arte, aprender a trabajar en grupo, calmar la ansiedad y fomentar el empoderamiento y la autoestima.<\/p>\r\n<p>El proyecto se inici\u00f3 el 2018 en Can Llupi\u00e0 de Barcelona, bajo la direcci\u00f3n art\u00edstica de Marcel\u00b7l\u00ed Ant\u00fanez, artista multidisciplinar y co fundador de la Fura dels Baus.<\/p>\r\n\r\n<figure class=\"wp-block-image size-large\"><img decoding=\"async\" class=\"wp-image-20863\" src=\"https:\/\/fundaciosetba.org\/wp-content\/uploads\/2021\/12\/ParapapupiacCarles-R-IMG_2665-copia-1024x683.jpg\" alt=\"\" \/><\/figure>\r\n\r\n\r\n\r\n<p><strong>CAN LLUPI\u00c0<\/strong><\/p>\r\n\r\n\r\n\r\n<p>La primera parte del muro ten\u00eda como tem\u00e1tica el cielo y como t\u00edtulo &#8220;Revolupi\u00e0&#8221;. En 2019 fueron la tierra y los insectos los protagonistas, con el nombre de &#8220;Parapupapi\u00e0&#8221;. Y este a\u00f1o, en la \u00faltima parte del muro, el oc\u00e9ano con el nombre de\u00a0&#8220;Upceanopi\u00e0&#8221;.<\/p>\r\n\r\n\r\n\r\n<p>En estos tres a\u00f1os, 182 j\u00f3venes han pintado 60 metros de muro y lo han firmado como coautores junto con Marcel\u00b7l\u00ed, creando una obra de arte comunitaria y participativa.<\/p>\r\n\r\n\r\n\r\n<p><strong>Revolupi\u00e0<\/strong>: <a href=\"https:\/\/fundaciosetba.org\/es\/traspassant-murs-2018\/\" target=\"_blank\" rel=\"noreferrer noopener\">ver edici\u00f3n <\/a><\/p>\r\n\r\n\r\n\r\n<figure class=\"wp-block-image size-large\"><img decoding=\"async\" class=\"wp-image-20867\" src=\"https:\/\/fundaciosetba.org\/wp-content\/uploads\/2021\/12\/traspassant-murs-fundacio-setba_min-1024x183.png\" alt=\"\" \/><\/figure>\r\n\r\n\r\n\r\n<p><strong>Parapupapi\u00e0<\/strong>: <a href=\"https:\/\/fundaciosetba.org\/traspassant-murs-2019\/\" target=\"_blank\" rel=\"noreferrer noopener\">ver edici\u00f3n<\/a><\/p>\r\n\r\n\r\n\r\n<figure class=\"wp-block-image size-large\"><img decoding=\"async\" class=\"wp-image-20871\" src=\"https:\/\/fundaciosetba.org\/wp-content\/uploads\/2021\/12\/2019-traspassant-murs-can-llupia-1024x167.jpg\" alt=\"\" \/><\/figure>\r\n\r\n\r\n\r\n<p><strong>Upceanopi\u00e0<\/strong>: <a href=\"https:\/\/fundaciosetba.org\/es\/traspassant-murs-2020\/\" target=\"_blank\" rel=\"noreferrer noopener\">ver edici\u00f3n<\/a><\/p>\r\n\r\n\r\n\r\n<figure class=\"wp-block-image size-large\"><img decoding=\"async\" class=\"wp-image-20875\" src=\"https:\/\/fundaciosetba.org\/wp-content\/uploads\/2021\/12\/Can-Llupia-2020_Upceanopia-c-Carles-Rodriguez-1024x171.png\" alt=\"\" \/><\/figure>\r\n\r\n\r\n\r\n<p>El 2019 fue seleccionado por el Art for change &#8220;la Caixa&#8221; y ha sido patrocinado por el Ayuntamiento de Barcelona y Capital Care. Durante estos a\u00f1os ha recibido el apoyo del Departamento de Justicia de la Generalitat de Catalunya, de Pinturas Lepanto y de las escuelas: ESCAC, Massana y de la Facultad de Bellas Artes de la Universidad de Barcelona.<\/p>\r\n\r\n\r\n\r\n<p>&nbsp;<\/p>\r\n\r\n\r\n\r\n<p><strong>ELS TIL\u00b7LERS<\/strong><\/p>\r\n\r\n\r\n\r\n<p>La primera r\u00e9plica \u201cTraspassant Murs\u201d se ha realizado en el C.E. Els Til\u00b7lers (Mollet) porque es el <strong>\u00fanico centro donde hay chicas<\/strong>, de las cuales solo ocupan el 5% del total de las plazas de los C.E., <strong>y adem\u00e1s, Els Til\u00b7lers es donde est\u00e1 la unidad terap\u00e9utica que acoge a los j\u00f3venes con problemas de salud mental<\/strong> y de la cual Sant Joan de Deu lleva el seguimiento.<\/p>\r\n\r\n\r\n\r\n<figure class=\"wp-block-image size-large\"><img decoding=\"async\" class=\"wp-image-20915\" src=\"https:\/\/fundaciosetba.org\/wp-content\/uploads\/2021\/12\/Mur-Els-Tillers-2021-r-Carles-Rodriguez_v2-min-2.jpg\" alt=\"\" \/><\/figure>\r\n\r\n\r\n\r\n<p>En esta edici\u00f3n se ha establecido una colaboraci\u00f3n con B-MURALS, un centro especializado en arte urbano con sede en Barcelona, que encaja perfectamente con los objetivos de la Fundaci\u00f3n y que representan a los artistas urbanos que han dirigido el proyecto: <strong>Mina\u00a0Hamada<\/strong>\u00a0y\u00a0<strong>Zosen\u00a0Bandido<\/strong>. Dos artistas reconocidos a nivel mundial y que acumulan m\u00e1s de 50.000 seguidores en Instagram.<\/p>\r\n\r\n\r\n\r\n<p><a href=\"https:\/\/fundaciosetba.org\/es\/traspassant-murs-de-zosen-bandido-i-mina-hamada-a-els-tillers\/\" target=\"_blank\" rel=\"noreferrer noopener\">Ver edici\u00f3n en profundidad: &#8220;Traspassant Murs&#8221; con Zosen Bandido y Mina Hamada<\/a><\/p>\r\n\r\n\r\n\r\n<figure class=\"wp-block-image size-large\"><img decoding=\"async\" class=\"wp-image-20884\" src=\"https:\/\/fundaciosetba.org\/wp-content\/uploads\/2021\/12\/zosen-i-mina-4.jpg\" alt=\"\" \/><\/figure>\r\n\r\n\r\n\r\n<p>A m\u00e9s, durant la intervenci\u00f3 al mur de Til\u00b7lers hem comptat amb una persona molt especial a dins de l\u2019equip de treball: a <strong>Karem Capseta.<\/strong> Una jove que va participar en el projecte del 2019 i que va destacar per la seva creativitat.<\/p>\r\n\r\n\r\n\r\n<p>Adem\u00e1s, durante la intervenci\u00f3n al muro de Til\u00b7lers contamos con una persona muy especial dentro del equipo de trabajo: a\u00a0Karem\u00a0Capseta. Una joven que particip\u00f3 en el proyecto del 2019 y que destac\u00f3 por su creatividad.<\/p>\r\n\r\n\r\n\r\n<figure class=\"wp-block-image size-large\"><img decoding=\"async\" class=\"wp-image-20885\" src=\"https:\/\/fundaciosetba.org\/wp-content\/uploads\/2021\/12\/Maria-Dia-4-Tillers-31-1024x768.jpg\" alt=\"\" \/><\/figure>\r\n\r\n\r\n\r\n<p>En la transformaci\u00f3n del muro del Centro Educativo de Justicia Els Til\u00b7lers hemos contado con el apoyo del Departamento de Justicia de la Generalitat de Catalunya, Pinturas Lepanto, Montana Colors, Cementos Molins\/Promsa, B-MURALS , Difusor Barcelona y la Facultad de Bellas Artes de la Universidad de Barcelona.<\/p>\r\n","protected":false},"excerpt":{"rendered":"<p>Proyecto de arte comunitario en Centros Educativos de Justicia Juvenil<\/p>\n","protected":false},"author":1,"featured_media":29459,"comment_status":"closed","ping_status":"closed","sticky":false,"template":"","format":"standard","meta":{"footnotes":""},"categories":[1090],"tags":[],"class_list":["post-29462","post","type-post","status-publish","format-standard","has-post-thumbnail","hentry","category-noticias"],"_links":{"self":[{"href":"https:\/\/fundaciosetba.org\/es\/wp-json\/wp\/v2\/posts\/29462","targetHints":{"allow":["GET"]}}],"collection":[{"href":"https:\/\/fundaciosetba.org\/es\/wp-json\/wp\/v2\/posts"}],"about":[{"href":"https:\/\/fundaciosetba.org\/es\/wp-json\/wp\/v2\/types\/post"}],"author":[{"embeddable":true,"href":"https:\/\/fundaciosetba.org\/es\/wp-json\/wp\/v2\/users\/1"}],"replies":[{"embeddable":true,"href":"https:\/\/fundaciosetba.org\/es\/wp-json\/wp\/v2\/comments?post=29462"}],"version-history":[{"count":2,"href":"https:\/\/fundaciosetba.org\/es\/wp-json\/wp\/v2\/posts\/29462\/revisions"}],"predecessor-version":[{"id":30909,"href":"https:\/\/fundaciosetba.org\/es\/wp-json\/wp\/v2\/posts\/29462\/revisions\/30909"}],"wp:featuredmedia":[{"embeddable":true,"href":"https:\/\/fundaciosetba.org\/es\/wp-json\/wp\/v2\/media\/29459"}],"wp:attachment":[{"href":"https:\/\/fundaciosetba.org\/es\/wp-json\/wp\/v2\/media?parent=29462"}],"wp:term":[{"taxonomy":"category","embeddable":true,"href":"https:\/\/fundaciosetba.org\/es\/wp-json\/wp\/v2\/categories?post=29462"},{"taxonomy":"post_tag","embeddable":true,"href":"https:\/\/fundaciosetba.org\/es\/wp-json\/wp\/v2\/tags?post=29462"}],"curies":[{"name":"wp","href":"https:\/\/api.w.org\/{rel}","templated":true}]}}