{"id":29472,"date":"2021-07-14T00:00:00","date_gmt":"2021-07-13T23:00:00","guid":{"rendered":"https:\/\/fundaciosetba.org\/la-fundacio-setba-xile-duu-a-terme-el-seu-primer-projecte-los-colores-de-mi-alma\/"},"modified":"2022-04-12T08:23:30","modified_gmt":"2022-04-12T07:23:30","slug":"la-fundacio-setba-xile-duu-a-terme-el-seu-primer-projecte-los-colores-de-mi-alma","status":"publish","type":"post","link":"https:\/\/fundaciosetba.org\/es\/la-fundacio-setba-xile-duu-a-terme-el-seu-primer-projecte-los-colores-de-mi-alma\/","title":{"rendered":"Fundaci\u00f3n\u00a0Setba Chile celebra su primer proyecto&#8221;Los colores de mi alma&#8221;"},"content":{"rendered":"<p>La <a href=\"http:\/\/fundacionsetbachile.org\/fundacion-setba-chile\/\">filial chilena<\/a> ha dado a conocer los ganadores de su primer proyecto: &#8220;Los colores de m\u00ed alma&#8221;, un certamen de pintura para personas con discapacidad, a imagen y semejanza del Premio Setba, que se celebra en Catalu\u00f1a desde el 2011.<br \/><br \/>Nuestra directora, Cristina Sampere , ha formado parte del jurado profesional, junto con Francisco Javier Court, director de la Corporaci\u00f3n Cultural de Las Condes; Dar\u00edo Olaortua, presidente de Fundaci\u00f3n Setba; Francisca Rodillo, artista chilena y coordinadora del proyecto Los Colores de m\u00ed alma; y las artistas chilenas Gina Inveen, Paula Mazry y Paloma Dames.<br \/><br \/>Los criterios de avaluci\u00f3 en la elecci\u00f3n de los ganadores han sido: coherencia en el tema y requisitos, nivel de composici\u00f3n, manejo del material que se utiliza y la capacidad del artista para expresar.<br \/><br \/>El primer premio ha sido por la obra &#8220;Aves con colores de luz angelical&#8221;, de \u00d3scar Morales Mart\u00ednez, de la Recoleta.<\/p>\r\n\r\n<figure class=\"wp-block-image size-large\"><img decoding=\"async\" class=\"wp-image-20930\" src=\"https:\/\/fundaciosetba.org\/wp-content\/uploads\/2021\/12\/2_1.jpg\" alt=\"\" \/><\/figure>\r\n\r\n\r\n\r\n<p>El segundo premio se lo ha llevado &#8220;Bacterias de colores&#8221;, de Marco Antonio Cordero, de Quilpu\u00e9.<\/p>\r\n\r\n\r\n\r\n<figure class=\"wp-block-image size-large\"><img decoding=\"async\" class=\"wp-image-20934\" src=\"https:\/\/fundaciosetba.org\/wp-content\/uploads\/2021\/12\/1_2.jpg\" alt=\"\" \/><\/figure>\r\n\r\n\r\n\r\n<p>Y el tercer premio, &#8220;Colorean mi vida, viviendo en mis recuerdos&#8221;, de Lorena Iturra Cofr\u00e9 de Hualp\u00e9n.<\/p>\r\n\r\n\r\n\r\n<p>&nbsp;<\/p>\r\n\r\n\r\n\r\n<figure class=\"wp-block-image size-large\"><img decoding=\"async\" class=\"wp-image-20938\" src=\"https:\/\/fundaciosetba.org\/wp-content\/uploads\/2021\/12\/1_3.jpg\" alt=\"\" \/><\/figure>\r\n\r\n\r\n\r\n<p>A partir del 15 de julio se podr\u00e1 visitar virtualmente a trav\u00e9s de la p\u00e1gina web http:\/\/www.mui.cl\/ y votar por el premio del p\u00fablico.<\/p>\r\n","protected":false},"excerpt":{"rendered":"<p>Fundaci\u00f3n Setba Chile ha dado a conocer los ganadores de su primer proyecto: &#8220;Los colores de mi alma&#8221;<\/p>\n","protected":false},"author":1,"featured_media":29469,"comment_status":"closed","ping_status":"closed","sticky":false,"template":"","format":"standard","meta":{"footnotes":""},"categories":[1090],"tags":[],"class_list":["post-29472","post","type-post","status-publish","format-standard","has-post-thumbnail","hentry","category-noticias"],"_links":{"self":[{"href":"https:\/\/fundaciosetba.org\/es\/wp-json\/wp\/v2\/posts\/29472","targetHints":{"allow":["GET"]}}],"collection":[{"href":"https:\/\/fundaciosetba.org\/es\/wp-json\/wp\/v2\/posts"}],"about":[{"href":"https:\/\/fundaciosetba.org\/es\/wp-json\/wp\/v2\/types\/post"}],"author":[{"embeddable":true,"href":"https:\/\/fundaciosetba.org\/es\/wp-json\/wp\/v2\/users\/1"}],"replies":[{"embeddable":true,"href":"https:\/\/fundaciosetba.org\/es\/wp-json\/wp\/v2\/comments?post=29472"}],"version-history":[{"count":3,"href":"https:\/\/fundaciosetba.org\/es\/wp-json\/wp\/v2\/posts\/29472\/revisions"}],"predecessor-version":[{"id":30908,"href":"https:\/\/fundaciosetba.org\/es\/wp-json\/wp\/v2\/posts\/29472\/revisions\/30908"}],"wp:featuredmedia":[{"embeddable":true,"href":"https:\/\/fundaciosetba.org\/es\/wp-json\/wp\/v2\/media\/29469"}],"wp:attachment":[{"href":"https:\/\/fundaciosetba.org\/es\/wp-json\/wp\/v2\/media?parent=29472"}],"wp:term":[{"taxonomy":"category","embeddable":true,"href":"https:\/\/fundaciosetba.org\/es\/wp-json\/wp\/v2\/categories?post=29472"},{"taxonomy":"post_tag","embeddable":true,"href":"https:\/\/fundaciosetba.org\/es\/wp-json\/wp\/v2\/tags?post=29472"}],"curies":[{"name":"wp","href":"https:\/\/api.w.org\/{rel}","templated":true}]}}