{"id":29473,"date":"2021-09-09T00:00:00","date_gmt":"2021-09-08T23:00:00","guid":{"rendered":"https:\/\/fundaciosetba.org\/xi-premios-setba\/"},"modified":"2022-04-11T15:05:47","modified_gmt":"2022-04-11T14:05:47","slug":"xi-premios-setba","status":"publish","type":"post","link":"https:\/\/fundaciosetba.org\/es\/xi-premios-setba\/","title":{"rendered":"Llega la gala de los XI Premios Setba"},"content":{"rendered":"<p>La\u00a0Fundaci\u00f3n\u00a0Setba\u00a0<strong>homenajea los artistas con discapacidad intelectual<\/strong> en su und\u00e9cima edici\u00f3n de los Premios Setba. El acto de entrega de premios es la culminaci\u00f3n del proyecto, un certamen art\u00edstico y de dise\u00f1o destinado a entidades que trabajan con personas con DI.<\/p>\r\n<p>El <em>Premio Setba<\/em> es el certamen mejor dotado del estado Espa\u00f1ol (con una <strong>dotaci\u00f3n de 7900\u20ac<\/strong>), que re\u00fane profesionales del mundo del arte, alumnos de Bellas artes, entidades y fundaciones con un mismo objetivo: detectar y reconocer el talento de estos artistas.<\/p>\r\n<p>En esta edici\u00f3n <strong>se han presentado m\u00e1s de 1300 obras<\/strong>, de las cuales solo 23 han sido seleccionadas como finalistas y ganadoras. Durante el procedimiento, se aplica un riguroso cumplimiento de las bases y una excelente selecci\u00f3n gracias al jurado profesional que forma parte del Premio.\u00a0<\/p>\r\n<p>Este a\u00f1o el jurado ha sido formado por Jean-Paul Bouyat, presidente de Bardinet Espa\u00f1a; Clara Ant\u00fanez, sumiller de La Gastron\u00f2mica; Nat\u00e0lia Iglesias, del equipo de comunicaci\u00f3n de Vinalium; Sergi Capell, fundador de La Casa de Carlota; Meritxell Duran, ilustradora y escultora; Gl\u00f2ria Andreu, responsable del proyecto <em>Art for Change<\/em> de la Fundaci\u00f3n \u201cla Caixa\u201d; Josep F\u00e8lix Bentz, presidente del Reial Cercle Art\u00edstic; Marcel\u00b7l\u00ed Ant\u00fanez, artista multidisciplinar y cofundador de La Fura dels Baus; Josep Manuel Jaurena, gerente de Art Mir y Cristina Sampere, directora de la Fundaci\u00f3n Setba.<br \/><br \/>Durante la ceremonia se dar\u00e1n a conocer los nombres de los artistas premiados, asistir\u00e1 Llu\u00eds Noguera, director de Caixaforum e intervendr\u00e1n Dar\u00edo Olaortua, presidente de la Fundaci\u00f3n Setba y M. \u00c0ngels Torras, directora de los Servicios Territoriales de Cultura en Barcelona.<\/p>\r\n<p>El acto, que se celebrar\u00e1 el <strong>lunes 13 de septiembre a las 18:30 h en el Caixaforum Barcelona, tambi\u00e9n podr\u00e1 seguirse por streaming<\/strong> a trav\u00e9s del <a href=\"https:\/\/youtu.be\/I8Iiwtb2W4s\">canal de YouTube de la Fundaci\u00f3n Setba<\/a>.<\/p>\r\n\r\n<figure class=\"wp-block-embed is-type-video is-provider-youtube wp-block-embed-youtube wp-embed-aspect-4-3 wp-has-aspect-ratio\">\r\n<div class=\"wp-block-embed__wrapper\">https:\/\/youtu.be\/I8Iiwtb2W4s<\/div>\r\n<\/figure>\r\n\r\n\r\n\r\n<p>Este proyecto recibe el apoyo de Art Mir, Bardinet, Capital Care, Dincat, Fundaci\u00f3n \u201cla Caixa\u201d, La Casa de Carlota, Museu del F\u00fatbol Club Barcelona y el Reial Cercle Art\u00edstic de Barcelona.<\/p>\r\n","protected":false},"excerpt":{"rendered":"<p>Lunes 13 de septiembre de 2021 a las 18:30 h en el CaixaForum. Tambi\u00e9n por streaming en Youtube.<\/p>\n","protected":false},"author":1,"featured_media":29640,"comment_status":"closed","ping_status":"closed","sticky":false,"template":"","format":"standard","meta":{"footnotes":""},"categories":[1239],"tags":[],"class_list":["post-29473","post","type-post","status-publish","format-standard","has-post-thumbnail","hentry","category-premio-setba"],"_links":{"self":[{"href":"https:\/\/fundaciosetba.org\/es\/wp-json\/wp\/v2\/posts\/29473","targetHints":{"allow":["GET"]}}],"collection":[{"href":"https:\/\/fundaciosetba.org\/es\/wp-json\/wp\/v2\/posts"}],"about":[{"href":"https:\/\/fundaciosetba.org\/es\/wp-json\/wp\/v2\/types\/post"}],"author":[{"embeddable":true,"href":"https:\/\/fundaciosetba.org\/es\/wp-json\/wp\/v2\/users\/1"}],"replies":[{"embeddable":true,"href":"https:\/\/fundaciosetba.org\/es\/wp-json\/wp\/v2\/comments?post=29473"}],"version-history":[{"count":2,"href":"https:\/\/fundaciosetba.org\/es\/wp-json\/wp\/v2\/posts\/29473\/revisions"}],"predecessor-version":[{"id":30896,"href":"https:\/\/fundaciosetba.org\/es\/wp-json\/wp\/v2\/posts\/29473\/revisions\/30896"}],"wp:featuredmedia":[{"embeddable":true,"href":"https:\/\/fundaciosetba.org\/es\/wp-json\/wp\/v2\/media\/29640"}],"wp:attachment":[{"href":"https:\/\/fundaciosetba.org\/es\/wp-json\/wp\/v2\/media?parent=29473"}],"wp:term":[{"taxonomy":"category","embeddable":true,"href":"https:\/\/fundaciosetba.org\/es\/wp-json\/wp\/v2\/categories?post=29473"},{"taxonomy":"post_tag","embeddable":true,"href":"https:\/\/fundaciosetba.org\/es\/wp-json\/wp\/v2\/tags?post=29473"}],"curies":[{"name":"wp","href":"https:\/\/api.w.org\/{rel}","templated":true}]}}