{"id":29477,"date":"2021-10-25T00:00:00","date_gmt":"2021-10-24T23:00:00","guid":{"rendered":"https:\/\/fundaciosetba.org\/traspasando-el-objetivo-recibe-la-mencion-especial-del-jurado-de-los-premios-impulsa-cultura\/"},"modified":"2022-04-11T15:04:24","modified_gmt":"2022-04-11T14:04:24","slug":"traspasando-el-objetivo-recibe-la-mencion-especial-del-jurado-de-los-premios-impulsa-cultura","status":"publish","type":"post","link":"https:\/\/fundaciosetba.org\/es\/traspasando-el-objetivo-recibe-la-mencion-especial-del-jurado-de-los-premios-impulsa-cultura\/","title":{"rendered":"Traspasando el objetivo recibe la menci\u00f3n especial del jurado de los Premios Impulsa Cultura"},"content":{"rendered":"<p>El proyecto de fotograf\u00eda dirigido a mujeres internas en centros penitenciarios de catalu\u00f1a, Traspasando el objectivo, recibe la menci\u00f3n especial del jurado de los Premios Impulsa Cultura de la Fundaci\u00f3n Catalunya Cultura.<\/p>\r\n<p>El reconocimiento llega en forma de fotolibro, el primer publicado por la Fundaci\u00f3n Setba, con el objetivo de visibilizar a este colectivo. Las mujeres internas son las grandes olvidadas del sistema penitenciario. S\u00f3lo son el 7% de la poblaci\u00f3n penitenciaria, de las cules el 75% han sufrido en algun momento de su vida la violencia machista (datos de febrero de 2019, seg\u00fan el anuario de M\u00c8DIA.CAT).<\/p>\r\n<p>Agradecer la Fundaci\u00f3n Catalunya Cultura por su formaci\u00f3n y mentorias, y por reconducir el proyecto editorial que estamos elaborado con la col\u00b7laboraci\u00f3n de la directora art\u00edstica del proyecto Marta F\u00e0bregas, el departamento de justicia de la Generalitat de Catalunya, de la empresa Panasonic i de la editorial Luminic.<\/p>\r\n<p>Finalmente, queremos felicitar al Festival Itinera, proyecto ganador de esta edici\u00f3n. Durante su primer a\u00f1o, este proyecto ha llevado m\u00fasica a 8000 espectadores en un centenar de conciertos en micropueblos de Catalu\u00f1a.<\/p>\r\n\r\n<figure class=\"wp-block-image size-large\"><img decoding=\"async\" class=\"wp-image-21011\" src=\"https:\/\/fundaciosetba.org\/wp-content\/uploads\/2021\/12\/IMG_20211021_200651-1024x768.jpg\" alt=\"\" \/><\/figure>\r\n","protected":false},"excerpt":{"rendered":"<p>El proyecto de fotograf\u00eda dirigido a mujeres internas en centros penitenciarios de catalu\u00f1a, Traspasando el objectivo, recibe la menci\u00f3n especial del jurado de los Premios Impulsa Cultura de la Fundaci\u00f3n Catalunya Cultura.<\/p>\n","protected":false},"author":1,"featured_media":29636,"comment_status":"closed","ping_status":"closed","sticky":false,"template":"","format":"standard","meta":{"footnotes":""},"categories":[1238],"tags":[],"class_list":["post-29477","post","type-post","status-publish","format-standard","has-post-thumbnail","hentry","category-traspasando-el-objetivo"],"_links":{"self":[{"href":"https:\/\/fundaciosetba.org\/es\/wp-json\/wp\/v2\/posts\/29477","targetHints":{"allow":["GET"]}}],"collection":[{"href":"https:\/\/fundaciosetba.org\/es\/wp-json\/wp\/v2\/posts"}],"about":[{"href":"https:\/\/fundaciosetba.org\/es\/wp-json\/wp\/v2\/types\/post"}],"author":[{"embeddable":true,"href":"https:\/\/fundaciosetba.org\/es\/wp-json\/wp\/v2\/users\/1"}],"replies":[{"embeddable":true,"href":"https:\/\/fundaciosetba.org\/es\/wp-json\/wp\/v2\/comments?post=29477"}],"version-history":[{"count":2,"href":"https:\/\/fundaciosetba.org\/es\/wp-json\/wp\/v2\/posts\/29477\/revisions"}],"predecessor-version":[{"id":30895,"href":"https:\/\/fundaciosetba.org\/es\/wp-json\/wp\/v2\/posts\/29477\/revisions\/30895"}],"wp:featuredmedia":[{"embeddable":true,"href":"https:\/\/fundaciosetba.org\/es\/wp-json\/wp\/v2\/media\/29636"}],"wp:attachment":[{"href":"https:\/\/fundaciosetba.org\/es\/wp-json\/wp\/v2\/media?parent=29477"}],"wp:term":[{"taxonomy":"category","embeddable":true,"href":"https:\/\/fundaciosetba.org\/es\/wp-json\/wp\/v2\/categories?post=29477"},{"taxonomy":"post_tag","embeddable":true,"href":"https:\/\/fundaciosetba.org\/es\/wp-json\/wp\/v2\/tags?post=29477"}],"curies":[{"name":"wp","href":"https:\/\/api.w.org\/{rel}","templated":true}]}}