{"id":29481,"date":"2021-11-22T00:00:00","date_gmt":"2021-11-21T23:00:00","guid":{"rendered":"https:\/\/fundaciosetba.org\/conmemoramos-el-dia-internacional-de-las-personas-con-discapacidad-en-tarrega\/"},"modified":"2022-04-11T15:02:24","modified_gmt":"2022-04-11T14:02:24","slug":"conmemoramos-el-dia-internacional-de-las-personas-con-discapacidad-en-tarrega","status":"publish","type":"post","link":"https:\/\/fundaciosetba.org\/es\/conmemoramos-el-dia-internacional-de-las-personas-con-discapacidad-en-tarrega\/","title":{"rendered":"Conmemoramos el D\u00eda Internacional de las personas con discapacidad en T\u00e0rrega"},"content":{"rendered":"\r\n<p><strong>En el marco del D\u00eda Internacional de las personas con discapacidad, T\u00e0rrega acoje la exposici\u00f3n <em>MAGISTRALS<\/em><\/strong>, una muestra de las obras ganadoras de los diez a\u00f1os del Premio Setba destinado a artistas con Discapacidad Intelectual (DI).<\/p>\r\n\r\n\r\n\r\n<p>&nbsp;<\/p>\r\n\r\n\r\n\r\n<p><strong>El acto conmemorativo ser\u00e1 el mi\u00e9rcoles 1 de diciembre a las 11 h en la calle Joan Brossa <\/strong>de T\u00e0rrega (Zona Paseo) con la <strong>inauguraci\u00f3n de la exposici\u00f3n y finalizar\u00e1 <\/strong>en la Societat Ateneu de T\u00e0rrega <strong>con la presentaci\u00f3n del proyecto de formaci\u00f3n art\u00edstica <em>MAGISTRALS<\/em><\/strong>, que la Fundaci\u00f3n Setba ha realizado junto con el artista Jaime S\u00fanico, para poner a disposici\u00f3n de todas las entidades de Catalu\u00f1a que trabajan con personas con DI.<\/p>\r\n\r\n\r\n\r\n<p>&nbsp;<\/p>\r\n\r\n\r\n\r\n<p><strong>Para acceder a la presentaci\u00f3n del proyecto <em>MAGISTRALS<\/em> en la Societat Ateneu de T\u00e0rrega, es necesaria la inscripci\u00f3n previa<\/strong> como medida del COVID-19:<\/p>\r\n\r\n\r\n\r\n<p>&nbsp;<\/p>\r\n\r\n\r\n\r\n<div class=\"wp-block-buttons is-layout-flex wp-block-buttons-is-layout-flex\">\r\n<div class=\"wp-block-button has-custom-width wp-block-button__width-75 has-custom-font-size has-normal-font-size\"><a class=\"wp-block-button__link has-white-color has-vivid-cyan-blue-background-color has-text-color has-background\" style=\"border-radius: 23px;\" href=\"https:\/\/forms.gle\/cLtrVzwqHVe3Ns148\" target=\"_blank\" rel=\"noreferrer noopener\"><strong>INSCRIPCI\u00d3N ENTRADA A LA PRESENTACI\u00d3N DE MAGISTRALS<\/strong> <\/a><\/div>\r\n<\/div>\r\n\r\n\r\n\r\n<figure class=\"wp-block-image size-large\"><img decoding=\"async\" class=\"wp-image-21023\" src=\"https:\/\/fundaciosetba.org\/wp-content\/uploads\/2021\/12\/Invitacio-magistrals-tarrega_Mesa-de-trabajo-1-copia-34-1024x576.png\" alt=\"\" \/><\/figure>\r\n\r\n\r\n\r\n<p>En el acto tendremos la visita del Grup Alba, asociaci\u00f3n de la cual forma parte Joel Garcia, artista ganador del Premio Setba 2019 por su obra <em>Tocado y hundido<\/em>, e intervendran: la directora de la Fundaci\u00f3n Setba, Cristina Sampere; la regidora de Acci\u00f3n Social y Asociativa, Igualdad y Salud, Maria Assumpta Pijuan y la alcaldesa de T\u00e0rrega, Maria Alba Pijuan.<\/p>\r\n\r\n\r\n\r\n<p><strong>La exposici\u00f3n se podr\u00e1 ver hasta el 3 de enero de 2022 <\/strong>en la calle Joan Brossa (Zona Paseo) de T\u00e0rrega.<\/p>\r\n\r\n\r\n\r\n<p>Esta es la \u00faltima parada que la exposici\u00f3n en itinerancia hace en Catalu\u00f1a. Su muestra se inici\u00f3 en el Palau Robert de Barcelona, continu\u00f3 en Vic y Manresa y ha escogido T\u00e0rrega para hacer la \u00faltima parada.<\/p>\r\n\r\n\r\n\r\n<p>Gracias al apoyo del Departamento de Cultura, el Ayuntamiento de T\u00e0rrega, la Ramon Molinas Foundation y la empresa EGM, la Fundaci\u00f3n Setba logra su objetivo en este proyecto: <strong>homenajear y dar visibilidad a las obras de artistas con DI.\u00a0<\/strong><\/p>\r\n","protected":false},"excerpt":{"rendered":"<p>En el marco del D\u00eda Internacional de las personas con discapacidad, T\u00e0rrega acoje la exposici\u00f3n MAGISTRALS, una muestra de las obras ganadoras de los diez a\u00f1os del Premio Setba destinado a artistas con Discapacidad Intelectual (DI).<\/p>\n","protected":false},"author":1,"featured_media":29629,"comment_status":"closed","ping_status":"closed","sticky":false,"template":"","format":"standard","meta":{"footnotes":""},"categories":[1237],"tags":[],"class_list":["post-29481","post","type-post","status-publish","format-standard","has-post-thumbnail","hentry","category-magistrales"],"_links":{"self":[{"href":"https:\/\/fundaciosetba.org\/es\/wp-json\/wp\/v2\/posts\/29481","targetHints":{"allow":["GET"]}}],"collection":[{"href":"https:\/\/fundaciosetba.org\/es\/wp-json\/wp\/v2\/posts"}],"about":[{"href":"https:\/\/fundaciosetba.org\/es\/wp-json\/wp\/v2\/types\/post"}],"author":[{"embeddable":true,"href":"https:\/\/fundaciosetba.org\/es\/wp-json\/wp\/v2\/users\/1"}],"replies":[{"embeddable":true,"href":"https:\/\/fundaciosetba.org\/es\/wp-json\/wp\/v2\/comments?post=29481"}],"version-history":[{"count":3,"href":"https:\/\/fundaciosetba.org\/es\/wp-json\/wp\/v2\/posts\/29481\/revisions"}],"predecessor-version":[{"id":30894,"href":"https:\/\/fundaciosetba.org\/es\/wp-json\/wp\/v2\/posts\/29481\/revisions\/30894"}],"wp:featuredmedia":[{"embeddable":true,"href":"https:\/\/fundaciosetba.org\/es\/wp-json\/wp\/v2\/media\/29629"}],"wp:attachment":[{"href":"https:\/\/fundaciosetba.org\/es\/wp-json\/wp\/v2\/media?parent=29481"}],"wp:term":[{"taxonomy":"category","embeddable":true,"href":"https:\/\/fundaciosetba.org\/es\/wp-json\/wp\/v2\/categories?post=29481"},{"taxonomy":"post_tag","embeddable":true,"href":"https:\/\/fundaciosetba.org\/es\/wp-json\/wp\/v2\/tags?post=29481"}],"curies":[{"name":"wp","href":"https:\/\/api.w.org\/{rel}","templated":true}]}}