{"id":31187,"date":"2022-04-11T11:05:31","date_gmt":"2022-04-11T10:05:31","guid":{"rendered":"https:\/\/fundaciosetba.org\/entrevista-en-karem-capseta\/"},"modified":"2022-04-12T10:46:06","modified_gmt":"2022-04-12T09:46:06","slug":"entrevista-en-karem-capseta","status":"publish","type":"post","link":"https:\/\/fundaciosetba.org\/es\/entrevista-en-karem-capseta\/","title":{"rendered":"Entrevista en Karem Capseta"},"content":{"rendered":"<p>Entrevistamos a Karem Capseta, participando en la segunda edici\u00f3n del proyecto <em>Traspasando Muros <\/em>de la Fundaci\u00f3n Setba en el centro Can Llupi\u00e0 (2019), para saber c\u00f3mo ha sido su experiencia con el proyecto art\u00edstico dirigido por Marcel\u00b7l\u00ed Ant\u00fanez y c\u00f3mo ha sido su experiencia formando parte del equipo de trabajo de la mano de Zosen Bandido en el centro Los Til\u00b7lers.<\/p>\n<p><strong>Por ti, \u00bfqu\u00e9 significa el proyecto <em>Traspassant Murs<\/em> ?<\/strong> Para m\u00ed, el proyecto de <em>traspasando muros<\/em> es ir m\u00e1s all\u00e1. Es esforzarse por cambiar las cosas y ver el arte como las nuevas oportunidades de una manera positiva.<\/p>\n<p><strong>\u00bfC\u00f3mo recibiste la propuesta de formar parte del equipo art\u00edstico de la r\u00e9plica del proyecto en Els Til\u00b7lers?<\/strong> Recib\u00ed la propuesta de forma inesperada, yo estaba en un recurso de medio abierto y me llam\u00f3 Cristina proponi\u00e9ndome la idea. Al principio no entend\u00eda demasiado bien lo que quer\u00edan hacer, pero me entusiasm\u00f3 la idea de hacer llegar a m\u00e1s j\u00f3venes como yo la pasi\u00f3n y la motivaci\u00f3n por construir la vida de una manera diferente y acept\u00e9 encantada.<\/p>\n<p><strong>\u00bfTe ha gustado trabajar? \u00bfQu\u00e9 te ha aportado?<\/strong> Me ha gustado mucho trabajar. Estaba muy c\u00f3modo con lo que se estaba construyendo y creo sinceramente que es una oportunidad muy bonita. La serenidad y el hecho de ver a personas con la misma situaci\u00f3n que t\u00fa avanzando y colaborando en un proyecto en com\u00fan es algo muy bonito.<\/p>\n<p><strong>Habiendo vivido en primera persona la segunda edici\u00f3n del proyecto <em>Traspassant Murs<\/em> , \u00bfqu\u00e9 valoraci\u00f3n, ahora como profesional, dar\u00edas del proyecto? \u00bfCrees que se sigue una buena metodolog\u00eda?<\/strong> Creo y estoy plenamente convencida de que el proyecto es necesario y cumple una funci\u00f3n totalmente educativa. Es cierto que, como sabemos de sobra, es dif\u00edcil trabajar con adolescentes; sin embargo, creo que en todas las ediciones, en las que he podido estar presente, el trabajo realizado tanto por parte de los chicos y chicas como por parte del equipo de trabajo ha sido m\u00e1s que correcto.<\/p>\n<p><strong>\u00bfC\u00f3mo has visto a los y las j\u00f3venes que han participado en la edici\u00f3n de Els Til\u00b7lers? \u00bfHas observado alguna evoluci\u00f3n o transformaci\u00f3n personal? \u00bfEn qu\u00e9 aspectos?<\/strong> He visto a j\u00f3venes que quer\u00edan participar, j\u00f3venes que no, j\u00f3venes que se sent\u00edan obligados y otros que estaban ansiosos por empezar, pero en cada una de las sesiones, tanto yo como mis compa\u00f1eros de equipo, ve\u00edamos que hab\u00eda m\u00e1s ganas de seguir pintando que ganas de dejar de hacerlo.<\/p>\n<p>De hecho, dentro del proyecto ha habido una evoluci\u00f3n que se ha visto reflejada en el muro y en el car\u00e1cter de los y las j\u00f3venes. Ha sido bastante reconfortante ver c\u00f3mo algo que en un principio parec\u00eda carecer de sentido, al final, ha acabado siendo un motivo de alegr\u00eda y crecimiento personal para cada una de las personas que participaban.<\/p>\n<p><strong>\u00bfConf\u00edas en que este proyecto puede servir a otras personas? En tu caso, \u00bfte ayud\u00f3?<\/strong> Conf\u00edo plenamente, estoy convencida al 100%. Creo que no soy demasiado diferente al resto de personas y si a m\u00ed me ha podido ayudar, est\u00e1 claro que tambi\u00e9n lo har\u00e1 para el resto. De una u otra manera este proyecto te ayuda a crecer y, al menos a m\u00ed, a evolucionar.<\/p>\n<p><strong>\u00bfVes positivo que se quiera llevar este proyecto a todos los Centros Educativos de Justicia?<\/strong> S\u00ed, creo que es importante dar un mensaje a los j\u00f3venes de los centros y a cada una de sus familias. Y decir que las cosas siempre evolucionan y casi siempre hacia mejor.<\/p>\n<p>Lo que el arte puede llegar a transmitir es impresionante. Es algo que sale de cada uno de nosotros. Poder mostrar la evoluci\u00f3n y crecimiento personal, y poder hacerlo posible, a trav\u00e9s del arte, es casi m\u00e1gico.<\/p>\n<p><strong>\u00bfHar\u00edas alg\u00fan cambio en el proyecto para las pr\u00f3ximas ediciones?<\/strong> Por m\u00ed no, ya se sabe que las cosas cambian y si son hacia mejor pues que bienvenido sea, estar\u00e9 dispuesta a seguir haciendo posible este proyecto con mi mejor sonrisa.<\/p>\n<p><strong>\u00bfY ahora qu\u00e9? \u00bfTienes pensado seguir por la vertiente art\u00edstica? \u00bfTienes alg\u00fan proyecto en mente?<\/strong> Por ahora no tengo nada en mente. Eso s\u00ed, no me cierro ninguna puerta ni posibilidad alguna.<\/p>\n<p><strong>\u00bfCrees que el arte y la cultura pueden transformar a las personas oa la sociedad?<\/strong> Personalmente, creo que s\u00ed, tanto el arte como la cultura son valores fundamentales para poder avanzar y progresar tanto como personas como sociedad en s\u00ed. Ya sea m\u00fasica, pintura, fotograf\u00eda, pel\u00edculas, etc. Todo es arte en s\u00ed y todas estas cosas ense\u00f1an valores distintos. Reflexionamos y tenemos pensamientos diferentes unos y otros. Creo que es importante identificar que el arte y la cultura, sea en el formato que sea, es m\u00e1s importante incluso de lo que en realidad pensamos.<\/p>\n","protected":false},"excerpt":{"rendered":"<p>Entrevistamos a Karem Capseta, participante de la segunda edici\u00f3n de Traspassant murs, y actualmente, asistente art\u00edstica. Ha participado como miembro del equipo de trabajo con el artista Zosen Bandido en Els Til\u00b7lers.<\/p>\n","protected":false},"author":1,"featured_media":30865,"comment_status":"closed","ping_status":"closed","sticky":false,"template":"","format":"standard","meta":{"footnotes":""},"categories":[1243,1241],"tags":[],"class_list":["post-31187","post","type-post","status-publish","format-standard","has-post-thumbnail","hentry","category-entrevistas","category-traspasando-muros"],"_links":{"self":[{"href":"https:\/\/fundaciosetba.org\/es\/wp-json\/wp\/v2\/posts\/31187","targetHints":{"allow":["GET"]}}],"collection":[{"href":"https:\/\/fundaciosetba.org\/es\/wp-json\/wp\/v2\/posts"}],"about":[{"href":"https:\/\/fundaciosetba.org\/es\/wp-json\/wp\/v2\/types\/post"}],"author":[{"embeddable":true,"href":"https:\/\/fundaciosetba.org\/es\/wp-json\/wp\/v2\/users\/1"}],"replies":[{"embeddable":true,"href":"https:\/\/fundaciosetba.org\/es\/wp-json\/wp\/v2\/comments?post=31187"}],"version-history":[{"count":1,"href":"https:\/\/fundaciosetba.org\/es\/wp-json\/wp\/v2\/posts\/31187\/revisions"}],"predecessor-version":[{"id":31188,"href":"https:\/\/fundaciosetba.org\/es\/wp-json\/wp\/v2\/posts\/31187\/revisions\/31188"}],"wp:featuredmedia":[{"embeddable":true,"href":"https:\/\/fundaciosetba.org\/es\/wp-json\/wp\/v2\/media\/30865"}],"wp:attachment":[{"href":"https:\/\/fundaciosetba.org\/es\/wp-json\/wp\/v2\/media?parent=31187"}],"wp:term":[{"taxonomy":"category","embeddable":true,"href":"https:\/\/fundaciosetba.org\/es\/wp-json\/wp\/v2\/categories?post=31187"},{"taxonomy":"post_tag","embeddable":true,"href":"https:\/\/fundaciosetba.org\/es\/wp-json\/wp\/v2\/tags?post=31187"}],"curies":[{"name":"wp","href":"https:\/\/api.w.org\/{rel}","templated":true}]}}