{"id":31189,"date":"2022-03-28T12:41:04","date_gmt":"2022-03-28T11:41:04","guid":{"rendered":"https:\/\/fundaciosetba.org\/la-fundacio-setba-recauda-772e-por-la-marato-de-tv3\/"},"modified":"2022-04-12T10:42:59","modified_gmt":"2022-04-12T09:42:59","slug":"la-fundacio-setba-recauda-772e-por-la-marato-de-tv3","status":"publish","type":"post","link":"https:\/\/fundaciosetba.org\/es\/la-fundacio-setba-recauda-772e-por-la-marato-de-tv3\/","title":{"rendered":"La Fundaci\u00f3n Setba recauda 772\u20ac por La Marat\u00f3 de TV3"},"content":{"rendered":"<p>En el marco del proyecto <em>Natura es Cultura<\/em> , la Fundaci\u00f3n Setba inici\u00f3 una campa\u00f1a de concienciaci\u00f3n de la salud mental y recaudaci\u00f3n por La Marat\u00f3 de TV3 2021, con la colaboraci\u00f3n de entidades de salud mental, alumnos de centros educativos, instituciones, empresas y asociaciones vecinales, bajo el nombre &#8216;Ponemos frente a la salud mental&#8217;.<\/p>\n<p>La campa\u00f1a ha logrado recaudar 772\u20ac, gracias a la venta de las rebanadas art\u00edsticas elaboradas por usuarios y usuarias de entidades de salud mental y alumnos del Instituto de Argentona y Avi\u00f1\u00f3n.<\/p>\n<p>Este proyecto ha tenido como objetivo contribuir en la lucha contra los estigmas de la salud mental y ha tenido el apoyo de la Diputaci\u00f3n de Barcelona, Capital Care, HP Espa\u00f1a, de los Ayuntamientos de Argentona y Aviny\u00f3, de los centros educativos INS Argentona y de el Instituto Escola Barnola, de entidades vecinales de ambas poblaciones y de los centros de salud mental ITA Salud Mental, el proyecto Mosaico de la Fundaci\u00f3n Althaia, el Servicio de Rehabilitaci\u00f3n comunitaria Sant Andreu de la Fundaci\u00f3n Vidal i Barraquer y el centro de salud mental y adicciones del Hospital de Matar\u00f3.<\/p>\n<p>Desde la Fundaci\u00f3n Setba, queremos agradecer la colaboraci\u00f3n y participaci\u00f3n de todo el que lo ha hecho posible.<\/p>\n","protected":false},"excerpt":{"rendered":"<p>La campa\u00f1a ha logrado recaudar 772\u20ac, gracias a la venta de las rebanadas art\u00edsticas elaboradas por usuarios y usuarias de entidades de salud mental y alumnos del Instituto de Argentona y Avi\u00f1\u00f3n.<\/p>\n","protected":false},"author":1,"featured_media":30845,"comment_status":"closed","ping_status":"closed","sticky":false,"template":"","format":"standard","meta":{"footnotes":""},"categories":[1242],"tags":[],"class_list":["post-31189","post","type-post","status-publish","format-standard","has-post-thumbnail","hentry","category-natura-es-cultura-2"],"_links":{"self":[{"href":"https:\/\/fundaciosetba.org\/es\/wp-json\/wp\/v2\/posts\/31189","targetHints":{"allow":["GET"]}}],"collection":[{"href":"https:\/\/fundaciosetba.org\/es\/wp-json\/wp\/v2\/posts"}],"about":[{"href":"https:\/\/fundaciosetba.org\/es\/wp-json\/wp\/v2\/types\/post"}],"author":[{"embeddable":true,"href":"https:\/\/fundaciosetba.org\/es\/wp-json\/wp\/v2\/users\/1"}],"replies":[{"embeddable":true,"href":"https:\/\/fundaciosetba.org\/es\/wp-json\/wp\/v2\/comments?post=31189"}],"version-history":[{"count":1,"href":"https:\/\/fundaciosetba.org\/es\/wp-json\/wp\/v2\/posts\/31189\/revisions"}],"predecessor-version":[{"id":31205,"href":"https:\/\/fundaciosetba.org\/es\/wp-json\/wp\/v2\/posts\/31189\/revisions\/31205"}],"wp:featuredmedia":[{"embeddable":true,"href":"https:\/\/fundaciosetba.org\/es\/wp-json\/wp\/v2\/media\/30845"}],"wp:attachment":[{"href":"https:\/\/fundaciosetba.org\/es\/wp-json\/wp\/v2\/media?parent=31189"}],"wp:term":[{"taxonomy":"category","embeddable":true,"href":"https:\/\/fundaciosetba.org\/es\/wp-json\/wp\/v2\/categories?post=31189"},{"taxonomy":"post_tag","embeddable":true,"href":"https:\/\/fundaciosetba.org\/es\/wp-json\/wp\/v2\/tags?post=31189"}],"curies":[{"name":"wp","href":"https:\/\/api.w.org\/{rel}","templated":true}]}}