{"id":31190,"date":"2022-03-24T10:58:50","date_gmt":"2022-03-24T09:58:50","guid":{"rendered":"https:\/\/fundaciosetba.org\/formacion-gratuita-del-artista-jaime-sunico-por-entidades-del-sector-de-la-discapacidad-intelectual\/"},"modified":"2022-04-12T10:44:04","modified_gmt":"2022-04-12T09:44:04","slug":"formacion-gratuita-del-artista-jaime-sunico-por-entidades-del-sector-de-la-discapacidad-intelectual","status":"publish","type":"post","link":"https:\/\/fundaciosetba.org\/es\/formacion-gratuita-del-artista-jaime-sunico-por-entidades-del-sector-de-la-discapacidad-intelectual\/","title":{"rendered":"Formaci\u00f3n gratuita del artista Jaime S\u00fanico por entidades del sector de la discapacidad intelectual"},"content":{"rendered":"<p>Ya est\u00e1 disponible la primera c\u00e1psula de formaci\u00f3n art\u00edstica dirigida a entidades que trabajen con personas con discapacidad intelectual. El v\u00eddeo, que puede verse de forma gratuita en el <a href=\"https:\/\/youtu.be\/ac_-ySdhFFc\">canal de Youtube de la Fundaci\u00f3n Setba<\/a> , tiene una duraci\u00f3n de 20 minutos y est\u00e1 presentado por el artista pl\u00e1stico de prestigio internacional Jaime S\u00fanico.<\/p>\n<p>Durante la formaci\u00f3n, S\u00fanico explica c\u00f3mo perder el miedo al papel en blanco y da algunos consejos a los educadores sociales para entender c\u00f3mo pueden ayudar a sus usuarios, qu\u00e9 materiales son los m\u00e1s adecuados o c\u00f3mo pueden detectar y potenciar el talento de sus usuarios.<\/p>\n<p>Esta formaci\u00f3n viene dada por la alta demanda que ha recibido la Fundaci\u00f3n Setba, por parte de las entidades que trabajan con personas con discapacidad intelectual, de mejorar sus talleres de arte y as\u00ed participar con m\u00e1s posibilidades de ganar en el Premi Setba .<\/p>\n<p>El <a href=\"https:\/\/fundaciosetba.org\/es\/inscripcion-premio-setba\/\">Premi Setba<\/a> es un certamen anual dirigido a artistas con discapacidad intelectual. Actualmente, se trata del premio mejor dotado del Estado Espa\u00f1ol, que re\u00fane a profesionales del mundo del arte, alumnos de Bellas Artes, entidades y fundaciones con una misma finalidad: detectar y reconocer el talento de estos artistas.<br \/>\nEsta formaci\u00f3n recibe el apoyo Barna Art, Dincat y Ramon Molinas Foundation.<\/p>\n<p>Jaime S\u00fanico es un artista de reconocido prestigio. Sus obras est\u00e1n en colecciones como el Museo de Montserrat, la Fundaci\u00f3n Kaminsky, la Colecci\u00f3n Testimonio de la Fundaci\u00f3n La Caixa, la Fundaci\u00f3n Vila Casas y ha expuesto en galer\u00edas nacionales como Senda en Barcelona y Galerie von Braunbehrens de Munich o la Galer\u00eda Marwan Hoss de Par\u00eds entre otros. Y si esto no fuera suficiente, lleva m\u00e1s de 30 a\u00f1os dando clases a artistas con discapacidad intelectual.<\/p>\n","protected":false},"excerpt":{"rendered":"<p>Disponible la primera c\u00e1psula de formaci\u00f3n art\u00edstica dirigida a entidades que trabajen con personas con discapacidad intelectual.<\/p>\n","protected":false},"author":1,"featured_media":30833,"comment_status":"closed","ping_status":"closed","sticky":false,"template":"","format":"standard","meta":{"footnotes":""},"categories":[1237,1239],"tags":[],"class_list":["post-31190","post","type-post","status-publish","format-standard","has-post-thumbnail","hentry","category-magistrales","category-premio-setba"],"_links":{"self":[{"href":"https:\/\/fundaciosetba.org\/es\/wp-json\/wp\/v2\/posts\/31190","targetHints":{"allow":["GET"]}}],"collection":[{"href":"https:\/\/fundaciosetba.org\/es\/wp-json\/wp\/v2\/posts"}],"about":[{"href":"https:\/\/fundaciosetba.org\/es\/wp-json\/wp\/v2\/types\/post"}],"author":[{"embeddable":true,"href":"https:\/\/fundaciosetba.org\/es\/wp-json\/wp\/v2\/users\/1"}],"replies":[{"embeddable":true,"href":"https:\/\/fundaciosetba.org\/es\/wp-json\/wp\/v2\/comments?post=31190"}],"version-history":[{"count":1,"href":"https:\/\/fundaciosetba.org\/es\/wp-json\/wp\/v2\/posts\/31190\/revisions"}],"predecessor-version":[{"id":31206,"href":"https:\/\/fundaciosetba.org\/es\/wp-json\/wp\/v2\/posts\/31190\/revisions\/31206"}],"wp:featuredmedia":[{"embeddable":true,"href":"https:\/\/fundaciosetba.org\/es\/wp-json\/wp\/v2\/media\/30833"}],"wp:attachment":[{"href":"https:\/\/fundaciosetba.org\/es\/wp-json\/wp\/v2\/media?parent=31190"}],"wp:term":[{"taxonomy":"category","embeddable":true,"href":"https:\/\/fundaciosetba.org\/es\/wp-json\/wp\/v2\/categories?post=31190"},{"taxonomy":"post_tag","embeddable":true,"href":"https:\/\/fundaciosetba.org\/es\/wp-json\/wp\/v2\/tags?post=31190"}],"curies":[{"name":"wp","href":"https:\/\/api.w.org\/{rel}","templated":true}]}}