{"id":31191,"date":"2022-03-21T13:43:18","date_gmt":"2022-03-21T12:43:18","guid":{"rendered":"https:\/\/fundaciosetba.org\/acuerdo-con-cejfe-y-el-ayuntamiento-de-avinyo-para-llevar-el-land-art-entre-la-poblacion-reclusa\/"},"modified":"2022-04-12T10:43:41","modified_gmt":"2022-04-12T09:43:41","slug":"acuerdo-con-cejfe-y-el-ayuntamiento-de-avinyo-para-llevar-el-land-art-entre-la-poblacion-reclusa","status":"publish","type":"post","link":"https:\/\/fundaciosetba.org\/es\/acuerdo-con-cejfe-y-el-ayuntamiento-de-avinyo-para-llevar-el-land-art-entre-la-poblacion-reclusa\/","title":{"rendered":"Acuerdo con CEJFE y el Ayuntamiento de Aviny\u00f3 para llevar el &#8216;Land Art&#8217; entre la poblaci\u00f3n reclusa"},"content":{"rendered":"<p>Durante los meses de abril, mayo y junio, la Fundaci\u00f3n Setba junto con el CEJFE y el Ayuntamiento de Aviny\u00f3 han organizado una intervenci\u00f3n art\u00edstica de <em>Land Art<\/em> para t\u00e9cnicos\/as e internos de centros penitenciarios de Catalu\u00f1a en el bosque de la Torre de los Soldados de Avi\u00f1\u00f3n (Bages, Barcelona).<\/p>\n<p>Las sesiones se realizar\u00e1n en el exterior, en torno al Bosque de la Torre de los Soldados y el camino ganadero. Los participantes &#8211; t\u00e9cnicos de talleres e internos- se dividir\u00e1n en grupos que realizar\u00e1n dos sesiones de trabajo cada uno. El objetivo es aportar conocimientos, elementos de reflexi\u00f3n en torno al Land Art y sus metodolog\u00edas y t\u00e9cnicas para implementarlas en los talleres y trabajar, aparte de la creaci\u00f3n, la importancia para todos de adquirir una conciencia medio ambiental. Las jornadas deben servir, tambi\u00e9n, para contribuir a luchar contra el estigma que tienen las personas internas en las prisiones, fomentar el trabajo en equipo y conectar la naturaleza al arte.<\/p>\n<p>El proyecto se present\u00f3 el viernes 11 de marzo en la Sala de Plenos del Ayuntamiento de Aviny\u00f3 y cont\u00f3 con la presencia de Laura Mart\u00ednez, directora del Centro de Estudios Jur\u00eddicos y Formaci\u00f3n Especializada; C\u00e9sar Galv\u00e1n, director general de Asuntos Penitenciarios, Eudald Vilaseca, alcalde de Aviny\u00f3; Cristina Sampere, directora de la Fundaci\u00f3n Setba y 25 t\u00e9cnicos de talleres art\u00edsticos.<\/p>\n<p>Acabada la presentaci\u00f3n, los asistentes se desplazaron hasta el bosque de la Torre dels Soldats para visitar los espacios donde se realizar\u00e1n las sesiones de los talleres. \u201cLand Art. Arte en la naturaleza con personas privadas de libertad\u201d va dirigido a t\u00e9cnicos y t\u00e9cnicas art\u00edsticos de centros penitenciarios ya personas internas que participan en los talleres art\u00edsticos, bajo la organizaci\u00f3n del Centro de Estudios Jur\u00eddicos y Formaci\u00f3n Especializada de la Generalitat. Es comisariado por la Fundaci\u00f3n Setba y colaboran en las sesiones Quim Moya, director art\u00edstico del proyecto; Josep Solsona, especialista en piedra seca y artesano recuperador de un tramo de los muros del camino ganadero a su paso por Aviny\u00f3, e Ignasi Vilarasau, ingeniero agr\u00f3nomo y presidente del ADF Quercus.<\/p>\n<p>Informaci\u00f3n y fotograf\u00eda destacada <a href=\"https:\/\/www.avinyo.cat\/actualitat\/noticies\/avinyo-seu-dels-tallers-artistics-land-art-art-a-la-natura-dels-centres-penitenciaris-de-catalunya.html\">del Ayuntamiento de Aviny\u00f3<\/a><\/p>\n<p><img loading=\"lazy\" decoding=\"async\" class=\"alignnone wp-image-30760 size-large\" src=\"https:\/\/fundaciosetba.org\/wp-content\/uploads\/2022\/03\/WhatsApp-Image-2022-03-11-at-11.38.25-1024x768.jpeg\" alt=\"\" width=\"1024\" height=\"768\" srcset=\"https:\/\/fundaciosetba.org\/wp-content\/uploads\/2022\/03\/WhatsApp-Image-2022-03-11-at-11.38.25-1024x768.jpeg 1024w, https:\/\/fundaciosetba.org\/wp-content\/uploads\/2022\/03\/WhatsApp-Image-2022-03-11-at-11.38.25-300x225.jpeg 300w, https:\/\/fundaciosetba.org\/wp-content\/uploads\/2022\/03\/WhatsApp-Image-2022-03-11-at-11.38.25-133x100.jpeg 133w, https:\/\/fundaciosetba.org\/wp-content\/uploads\/2022\/03\/WhatsApp-Image-2022-03-11-at-11.38.25-533x400.jpeg 533w, https:\/\/fundaciosetba.org\/wp-content\/uploads\/2022\/03\/WhatsApp-Image-2022-03-11-at-11.38.25-600x450.jpeg 600w, https:\/\/fundaciosetba.org\/wp-content\/uploads\/2022\/03\/WhatsApp-Image-2022-03-11-at-11.38.25.jpeg 2048w\" sizes=\"auto, (max-width: 1024px) 100vw, 1024px\" \/><\/p>\n","protected":false},"excerpt":{"rendered":"<p>Durante los meses de abril, mayo y junio, la Fundaci\u00f3n Setba junto con el CEJFE y el ayuntamiento de Aviny\u00f3 han organizado una intervenci\u00f3n art\u00edstica de Land Art para t\u00e9cnicos\/as e internos de centros penitenciarios de Catalu\u00f1a en el bosque de la Torre de los Soldados de Avi\u00f1\u00f3n (Bages, Barcelona).<\/p>\n","protected":false},"author":1,"featured_media":30757,"comment_status":"closed","ping_status":"closed","sticky":false,"template":"","format":"standard","meta":{"footnotes":""},"categories":[1090],"tags":[],"class_list":["post-31191","post","type-post","status-publish","format-standard","has-post-thumbnail","hentry","category-noticias"],"_links":{"self":[{"href":"https:\/\/fundaciosetba.org\/es\/wp-json\/wp\/v2\/posts\/31191","targetHints":{"allow":["GET"]}}],"collection":[{"href":"https:\/\/fundaciosetba.org\/es\/wp-json\/wp\/v2\/posts"}],"about":[{"href":"https:\/\/fundaciosetba.org\/es\/wp-json\/wp\/v2\/types\/post"}],"author":[{"embeddable":true,"href":"https:\/\/fundaciosetba.org\/es\/wp-json\/wp\/v2\/users\/1"}],"replies":[{"embeddable":true,"href":"https:\/\/fundaciosetba.org\/es\/wp-json\/wp\/v2\/comments?post=31191"}],"version-history":[{"count":1,"href":"https:\/\/fundaciosetba.org\/es\/wp-json\/wp\/v2\/posts\/31191\/revisions"}],"predecessor-version":[{"id":31207,"href":"https:\/\/fundaciosetba.org\/es\/wp-json\/wp\/v2\/posts\/31191\/revisions\/31207"}],"wp:featuredmedia":[{"embeddable":true,"href":"https:\/\/fundaciosetba.org\/es\/wp-json\/wp\/v2\/media\/30757"}],"wp:attachment":[{"href":"https:\/\/fundaciosetba.org\/es\/wp-json\/wp\/v2\/media?parent=31191"}],"wp:term":[{"taxonomy":"category","embeddable":true,"href":"https:\/\/fundaciosetba.org\/es\/wp-json\/wp\/v2\/categories?post=31191"},{"taxonomy":"post_tag","embeddable":true,"href":"https:\/\/fundaciosetba.org\/es\/wp-json\/wp\/v2\/tags?post=31191"}],"curies":[{"name":"wp","href":"https:\/\/api.w.org\/{rel}","templated":true}]}}