{"id":31192,"date":"2022-03-10T15:25:31","date_gmt":"2022-03-10T14:25:31","guid":{"rendered":"https:\/\/fundaciosetba.org\/presentamos-brians-mujeres-invisibles-en-la-sede-de-la-fundacion\/"},"modified":"2022-04-12T10:44:56","modified_gmt":"2022-04-12T09:44:56","slug":"presentamos-brians-mujeres-invisibles-en-la-sede-de-la-fundacion","status":"publish","type":"post","link":"https:\/\/fundaciosetba.org\/es\/presentamos-brians-mujeres-invisibles-en-la-sede-de-la-fundacion\/","title":{"rendered":"Presentamos BRIANS: mujeres invisibles en la sede de la Fundaci\u00f3n"},"content":{"rendered":"<p>La Fundaci\u00f3 Setba present\u00f3 ayer su primer fotolibro <em>BRIANS: mujeres invisibles<\/em> . Un fotolibro editado por <a href=\"http:\/\/www.luminicfestival.com\">Lum\u00ednico<\/a> que muestra c\u00f3mo la fotograf\u00eda puede convertirse en una herramienta de empoderamiento para mujeres internas en centros penitenciarios.<\/p>\n<p>Este fotolibro es el resultado del proyecto <a href=\"https:\/\/fundaciosetba.org\/es\/projecte\/traspasando-el-objetivo\/\" target=\"_blank\" rel=\"noopener\">Traspassant el objectiu<\/a> , dirigido por el artista y activista feminista Marta F\u00e0bregas. Un proyecto que tiene como objetivo empoderar a las mujeres internas en centros penitenciarios y mejorar su autoestima a trav\u00e9s de la fotograf\u00eda. Este fotolibro incluye, aparte de los retratos de las mismas internas y de la directora art\u00edstica, fotograf\u00edas del espacio de la fot\u00f3grafa Laura G\u00e1lvez-Rhein y dos reportajes muy especiales: uno de Camila Oliveira, actualmente en tercer grado, y el otro de Sof\u00eda Kyprisli, quien permanece en Brians y que ha tenido a la fotoperiodista Sandra Balsells como mentora.<\/p>\n<p>Este proyecto es una declaraci\u00f3n de principios y este libro es el primero de la colecci\u00f3n. Las mujeres son las grandes olvidadas del sistema penitenciario, ya que s\u00f3lo representan al 7% de la poblaci\u00f3n reclusa, disponiendo de menos instalaciones y recursos que los hombres. La Fundaci\u00f3n quiere contribuir a la transformaci\u00f3n social a trav\u00e9s de la cultura, una poderosa herramienta que siempre nos salva.<\/p>\n<p><strong>El fotolibro sale a la venta a partir de hoy y se podr\u00e1 encontrar en la p\u00e1gina web, en la secci\u00f3n <a href=\"https:\/\/fundaciosetba.org\/es\/producte\/brians-mujeres-invisibles-2\/\">Tienda<\/a> ,<\/strong> en la p\u00e1gina web de la editorial Lum\u00ednic y en diferentes librer\u00edas de Barcelona: Laie CCCB, KBr by Juan Naranjo, librer\u00eda Finestres, en la Fundaci\u00f3n Foto Colectania y por Sant Jordi, en la parada de los Amics de la Rambla.<\/p>\n<div class=\"w-gallery fit_cover wp_gallery type_grid action_popup_image ratio_1x1 count_6\" style=\"--columns:3;--items-gap:8px;\"><div class=\"w-gallery-list\"><div class=\"w-gallery-item\"><div class=\"w-gallery-item-img\"><img loading=\"lazy\" decoding=\"async\" width=\"1600\" height=\"1200\" src=\"https:\/\/fundaciosetba.org\/wp-content\/uploads\/2022\/03\/WhatsApp-Image-2022-03-10-at-09.48.38.jpeg\" class=\"attachment-full size-full\" alt=\"\" srcset=\"https:\/\/fundaciosetba.org\/wp-content\/uploads\/2022\/03\/WhatsApp-Image-2022-03-10-at-09.48.38.jpeg 1600w, https:\/\/fundaciosetba.org\/wp-content\/uploads\/2022\/03\/WhatsApp-Image-2022-03-10-at-09.48.38-300x225.jpeg 300w, https:\/\/fundaciosetba.org\/wp-content\/uploads\/2022\/03\/WhatsApp-Image-2022-03-10-at-09.48.38-1024x768.jpeg 1024w, https:\/\/fundaciosetba.org\/wp-content\/uploads\/2022\/03\/WhatsApp-Image-2022-03-10-at-09.48.38-133x100.jpeg 133w, https:\/\/fundaciosetba.org\/wp-content\/uploads\/2022\/03\/WhatsApp-Image-2022-03-10-at-09.48.38-533x400.jpeg 533w, https:\/\/fundaciosetba.org\/wp-content\/uploads\/2022\/03\/WhatsApp-Image-2022-03-10-at-09.48.38-600x450.jpeg 600w\" sizes=\"auto, (max-width: 1600px) 100vw, 1600px\" \/><\/div><a class=\"w-gallery-item-link\" aria-label=\"WhatsApp Image 2022-03-10 at 09.48.38\" href=\"https:\/\/fundaciosetba.org\/wp-content\/uploads\/2022\/03\/WhatsApp-Image-2022-03-10-at-09.48.38.jpeg\" title=\"WhatsApp Image 2022-03-10 at 09.48.38\"><\/a><\/div><div class=\"w-gallery-item\"><div class=\"w-gallery-item-img\"><img loading=\"lazy\" decoding=\"async\" width=\"1600\" height=\"1200\" src=\"https:\/\/fundaciosetba.org\/wp-content\/uploads\/2022\/03\/WhatsApp-Image-2022-03-09-at-20.15.42-4.jpeg\" class=\"attachment-full size-full\" alt=\"\" srcset=\"https:\/\/fundaciosetba.org\/wp-content\/uploads\/2022\/03\/WhatsApp-Image-2022-03-09-at-20.15.42-4.jpeg 1600w, https:\/\/fundaciosetba.org\/wp-content\/uploads\/2022\/03\/WhatsApp-Image-2022-03-09-at-20.15.42-4-300x225.jpeg 300w, https:\/\/fundaciosetba.org\/wp-content\/uploads\/2022\/03\/WhatsApp-Image-2022-03-09-at-20.15.42-4-1024x768.jpeg 1024w, https:\/\/fundaciosetba.org\/wp-content\/uploads\/2022\/03\/WhatsApp-Image-2022-03-09-at-20.15.42-4-133x100.jpeg 133w, https:\/\/fundaciosetba.org\/wp-content\/uploads\/2022\/03\/WhatsApp-Image-2022-03-09-at-20.15.42-4-533x400.jpeg 533w, https:\/\/fundaciosetba.org\/wp-content\/uploads\/2022\/03\/WhatsApp-Image-2022-03-09-at-20.15.42-4-600x450.jpeg 600w\" sizes=\"auto, (max-width: 1600px) 100vw, 1600px\" \/><\/div><a class=\"w-gallery-item-link\" aria-label=\"WhatsApp Image 2022-03-09 at 20.15.42 (4)\" href=\"https:\/\/fundaciosetba.org\/wp-content\/uploads\/2022\/03\/WhatsApp-Image-2022-03-09-at-20.15.42-4.jpeg\" title=\"WhatsApp Image 2022-03-09 at 20.15.42 (4)\"><\/a><\/div><div class=\"w-gallery-item\"><div class=\"w-gallery-item-img\"><img loading=\"lazy\" decoding=\"async\" width=\"1600\" height=\"1200\" src=\"https:\/\/fundaciosetba.org\/wp-content\/uploads\/2022\/03\/WhatsApp-Image-2022-03-10-at-09.48.44-2.jpeg\" class=\"attachment-full size-full\" alt=\"\" srcset=\"https:\/\/fundaciosetba.org\/wp-content\/uploads\/2022\/03\/WhatsApp-Image-2022-03-10-at-09.48.44-2.jpeg 1600w, https:\/\/fundaciosetba.org\/wp-content\/uploads\/2022\/03\/WhatsApp-Image-2022-03-10-at-09.48.44-2-300x225.jpeg 300w, https:\/\/fundaciosetba.org\/wp-content\/uploads\/2022\/03\/WhatsApp-Image-2022-03-10-at-09.48.44-2-1024x768.jpeg 1024w, https:\/\/fundaciosetba.org\/wp-content\/uploads\/2022\/03\/WhatsApp-Image-2022-03-10-at-09.48.44-2-133x100.jpeg 133w, https:\/\/fundaciosetba.org\/wp-content\/uploads\/2022\/03\/WhatsApp-Image-2022-03-10-at-09.48.44-2-533x400.jpeg 533w, https:\/\/fundaciosetba.org\/wp-content\/uploads\/2022\/03\/WhatsApp-Image-2022-03-10-at-09.48.44-2-600x450.jpeg 600w\" sizes=\"auto, (max-width: 1600px) 100vw, 1600px\" \/><\/div><a class=\"w-gallery-item-link\" aria-label=\"WhatsApp Image 2022-03-10 at 09.48.44 (2)\" href=\"https:\/\/fundaciosetba.org\/wp-content\/uploads\/2022\/03\/WhatsApp-Image-2022-03-10-at-09.48.44-2.jpeg\" title=\"WhatsApp Image 2022-03-10 at 09.48.44 (2)\"><\/a><\/div><div class=\"w-gallery-item\"><div class=\"w-gallery-item-img\"><img loading=\"lazy\" decoding=\"async\" width=\"2048\" height=\"1536\" src=\"https:\/\/fundaciosetba.org\/wp-content\/uploads\/2022\/03\/WhatsApp-Image-2022-03-09-at-21.24.03-2.jpeg\" class=\"attachment-full size-full\" alt=\"\" srcset=\"https:\/\/fundaciosetba.org\/wp-content\/uploads\/2022\/03\/WhatsApp-Image-2022-03-09-at-21.24.03-2.jpeg 2048w, https:\/\/fundaciosetba.org\/wp-content\/uploads\/2022\/03\/WhatsApp-Image-2022-03-09-at-21.24.03-2-300x225.jpeg 300w, https:\/\/fundaciosetba.org\/wp-content\/uploads\/2022\/03\/WhatsApp-Image-2022-03-09-at-21.24.03-2-1024x768.jpeg 1024w, https:\/\/fundaciosetba.org\/wp-content\/uploads\/2022\/03\/WhatsApp-Image-2022-03-09-at-21.24.03-2-133x100.jpeg 133w, https:\/\/fundaciosetba.org\/wp-content\/uploads\/2022\/03\/WhatsApp-Image-2022-03-09-at-21.24.03-2-533x400.jpeg 533w, https:\/\/fundaciosetba.org\/wp-content\/uploads\/2022\/03\/WhatsApp-Image-2022-03-09-at-21.24.03-2-600x450.jpeg 600w\" sizes=\"auto, (max-width: 2048px) 100vw, 2048px\" \/><\/div><a class=\"w-gallery-item-link\" aria-label=\"WhatsApp Image 2022-03-09 at 21.24.03 (2)\" href=\"https:\/\/fundaciosetba.org\/wp-content\/uploads\/2022\/03\/WhatsApp-Image-2022-03-09-at-21.24.03-2.jpeg\" title=\"WhatsApp Image 2022-03-09 at 21.24.03 (2)\"><\/a><\/div><div class=\"w-gallery-item\"><div class=\"w-gallery-item-img\"><img loading=\"lazy\" decoding=\"async\" width=\"2048\" height=\"1536\" src=\"https:\/\/fundaciosetba.org\/wp-content\/uploads\/2022\/03\/WhatsApp-Image-2022-03-09-at-21.24.03-3.jpeg\" class=\"attachment-full size-full\" alt=\"\" srcset=\"https:\/\/fundaciosetba.org\/wp-content\/uploads\/2022\/03\/WhatsApp-Image-2022-03-09-at-21.24.03-3.jpeg 2048w, https:\/\/fundaciosetba.org\/wp-content\/uploads\/2022\/03\/WhatsApp-Image-2022-03-09-at-21.24.03-3-300x225.jpeg 300w, https:\/\/fundaciosetba.org\/wp-content\/uploads\/2022\/03\/WhatsApp-Image-2022-03-09-at-21.24.03-3-1024x768.jpeg 1024w, https:\/\/fundaciosetba.org\/wp-content\/uploads\/2022\/03\/WhatsApp-Image-2022-03-09-at-21.24.03-3-133x100.jpeg 133w, https:\/\/fundaciosetba.org\/wp-content\/uploads\/2022\/03\/WhatsApp-Image-2022-03-09-at-21.24.03-3-533x400.jpeg 533w, https:\/\/fundaciosetba.org\/wp-content\/uploads\/2022\/03\/WhatsApp-Image-2022-03-09-at-21.24.03-3-600x450.jpeg 600w\" sizes=\"auto, (max-width: 2048px) 100vw, 2048px\" \/><\/div><a class=\"w-gallery-item-link\" aria-label=\"WhatsApp Image 2022-03-09 at 21.24.03 (3)\" href=\"https:\/\/fundaciosetba.org\/wp-content\/uploads\/2022\/03\/WhatsApp-Image-2022-03-09-at-21.24.03-3.jpeg\" title=\"WhatsApp Image 2022-03-09 at 21.24.03 (3)\"><\/a><\/div><div class=\"w-gallery-item\"><div class=\"w-gallery-item-img\"><img loading=\"lazy\" decoding=\"async\" width=\"2048\" height=\"1536\" src=\"https:\/\/fundaciosetba.org\/wp-content\/uploads\/2022\/03\/WhatsApp-Image-2022-03-09-at-21.24.04.jpeg\" class=\"attachment-full size-full\" alt=\"\" srcset=\"https:\/\/fundaciosetba.org\/wp-content\/uploads\/2022\/03\/WhatsApp-Image-2022-03-09-at-21.24.04.jpeg 2048w, https:\/\/fundaciosetba.org\/wp-content\/uploads\/2022\/03\/WhatsApp-Image-2022-03-09-at-21.24.04-300x225.jpeg 300w, https:\/\/fundaciosetba.org\/wp-content\/uploads\/2022\/03\/WhatsApp-Image-2022-03-09-at-21.24.04-1024x768.jpeg 1024w, https:\/\/fundaciosetba.org\/wp-content\/uploads\/2022\/03\/WhatsApp-Image-2022-03-09-at-21.24.04-133x100.jpeg 133w, https:\/\/fundaciosetba.org\/wp-content\/uploads\/2022\/03\/WhatsApp-Image-2022-03-09-at-21.24.04-533x400.jpeg 533w, https:\/\/fundaciosetba.org\/wp-content\/uploads\/2022\/03\/WhatsApp-Image-2022-03-09-at-21.24.04-600x450.jpeg 600w\" sizes=\"auto, (max-width: 2048px) 100vw, 2048px\" \/><\/div><a class=\"w-gallery-item-link\" aria-label=\"WhatsApp Image 2022-03-09 at 21.24.04\" href=\"https:\/\/fundaciosetba.org\/wp-content\/uploads\/2022\/03\/WhatsApp-Image-2022-03-09-at-21.24.04.jpeg\" title=\"WhatsApp Image 2022-03-09 at 21.24.04\"><\/a><\/div><\/div><\/div>\n<p>Durante los pr\u00f3ximos meses se celebrar\u00e1n diferentes presentaciones y actas para anunciar el lanzamiento:<\/p>\n<ul>\n<li>Lunes 14\/03 a las 18:30h, dentro de las <strong>fototertulias de Fotoconexi\u00f3n<\/strong> , en el C\u00edrculo Art\u00edstico de Sant Lluc (Mercaderos, 42, Barcelona)<\/li>\n<li>Martes 05\/04 a las 19h, en la <strong>Librer\u00eda Finestres<\/strong> (Diputaci\u00f3n, 249, Barcelona)<\/li>\n<li>S\u00e1bado 07\/05 a las 12h, en el marco de la exposici\u00f3n de Marta F\u00e0bregas, en la <strong>Pigment Gallery<\/strong> (Trafalgar, 70, Barcelona)<\/li>\n<li>Viernes 10\/06 a las 19h, dentro del <strong>Festival Lum\u00ednico<\/strong> , en la Biblioteca Gabriel Ferrater (Avda.Pla del Vinyet, 40, Sant Cugat del Vall\u00e8s).<\/li>\n<\/ul>\n<p>Este proyecto recibe el apoyo del Departamento de Justicia, Instituto Catal\u00e1n de las Mujeres, Panasonic Espa\u00f1a, Fundaci\u00f3n Catalunya Cultura, Instituto de Estudios Fotogr\u00e1ficos de Catalu\u00f1a, Luminic Festival, Maquillaje Tutus\u00e1us y Marc Mart\u00ed.<\/p>\n","protected":false},"excerpt":{"rendered":"<p>Un fotolibro editado por Lum\u00ednico que muestra c\u00f3mo la fotograf\u00eda puede convertirse en una herramienta de empoderamiento para mujeres internas en centros penitenciarios.<\/p>\n","protected":false},"author":1,"featured_media":30600,"comment_status":"closed","ping_status":"closed","sticky":false,"template":"","format":"standard","meta":{"footnotes":""},"categories":[1238],"tags":[],"class_list":["post-31192","post","type-post","status-publish","format-standard","has-post-thumbnail","hentry","category-traspasando-el-objetivo"],"_links":{"self":[{"href":"https:\/\/fundaciosetba.org\/es\/wp-json\/wp\/v2\/posts\/31192","targetHints":{"allow":["GET"]}}],"collection":[{"href":"https:\/\/fundaciosetba.org\/es\/wp-json\/wp\/v2\/posts"}],"about":[{"href":"https:\/\/fundaciosetba.org\/es\/wp-json\/wp\/v2\/types\/post"}],"author":[{"embeddable":true,"href":"https:\/\/fundaciosetba.org\/es\/wp-json\/wp\/v2\/users\/1"}],"replies":[{"embeddable":true,"href":"https:\/\/fundaciosetba.org\/es\/wp-json\/wp\/v2\/comments?post=31192"}],"version-history":[{"count":1,"href":"https:\/\/fundaciosetba.org\/es\/wp-json\/wp\/v2\/posts\/31192\/revisions"}],"predecessor-version":[{"id":31209,"href":"https:\/\/fundaciosetba.org\/es\/wp-json\/wp\/v2\/posts\/31192\/revisions\/31209"}],"wp:featuredmedia":[{"embeddable":true,"href":"https:\/\/fundaciosetba.org\/es\/wp-json\/wp\/v2\/media\/30600"}],"wp:attachment":[{"href":"https:\/\/fundaciosetba.org\/es\/wp-json\/wp\/v2\/media?parent=31192"}],"wp:term":[{"taxonomy":"category","embeddable":true,"href":"https:\/\/fundaciosetba.org\/es\/wp-json\/wp\/v2\/categories?post=31192"},{"taxonomy":"post_tag","embeddable":true,"href":"https:\/\/fundaciosetba.org\/es\/wp-json\/wp\/v2\/tags?post=31192"}],"curies":[{"name":"wp","href":"https:\/\/api.w.org\/{rel}","templated":true}]}}