{"id":31193,"date":"2022-02-23T11:35:21","date_gmt":"2022-02-23T10:35:21","guid":{"rendered":"https:\/\/fundaciosetba.org\/ya-estan-a-la-venta-las-obras-finalistas-del-premi-setba-2021\/"},"modified":"2022-04-12T10:44:14","modified_gmt":"2022-04-12T09:44:14","slug":"ya-estan-a-la-venta-las-obras-finalistas-del-premi-setba-2021","status":"publish","type":"post","link":"https:\/\/fundaciosetba.org\/es\/ya-estan-a-la-venta-las-obras-finalistas-del-premi-setba-2021\/","title":{"rendered":"Ya est\u00e1n a la venta las obras finalistas del Premi Setba 2021"},"content":{"rendered":"<p>Con el objetivo de reconocer y visibilizar el talento de los artistas con discapacidad intelectual, la Fundaci\u00f3 Setba pone a la venta las obras finalistas del Premi Setba 2021.<\/p>\n<p>El Premi Setba es un certamen anual, dentro del proyecto de Magistrales, dirigido a artistas con discapacidad intelectual. Actualmente, se trata del premio mejor dotado del Estado Espa\u00f1ol, que re\u00fane a profesionales del mundo del arte, alumnos de Bellas Artes, entidades y fundaciones con una misma finalidad: detectar y reconocer el talento de estos artistas.<\/p>\n<p>Las obras se pueden adquirir a trav\u00e9s de la p\u00e1gina web de la Fundaci\u00f3n y tienen un precio de:<\/p>\n<p>\u2013 Por obra con marco: 180\u20ac + IVA<br \/>\n\u2013 Por obra sin marco: 150\u20ac + IVA<\/p>\n<p>El artista recibir\u00e1 100\u20ac de la venta de su obra, destinando 50\u20ac a la Fundaci\u00f3 Setba para financiar el proyecto de formaci\u00f3n art\u00edstica MAGISTRALS, para personas con discapacidad intelectual.<\/p>\n<p>Para ver las obras, hacer clic <a href=\"https:\/\/fundaciosetba.org\/botiga\/?filter_product_cat=obres-premi-setba\">aqu\u00ed<\/a> :<\/p>\n<p><a href=\"https:\/\/fundaciosetba.org\/botiga\/?filter_product_cat=obres-premi-setba\"><img loading=\"lazy\" decoding=\"async\" class=\"alignnone wp-image-30579 size-full\" src=\"https:\/\/fundaciosetba.org\/wp-content\/uploads\/2022\/02\/Captura.jpg\" alt=\"\" width=\"1280\" height=\"416\" srcset=\"https:\/\/fundaciosetba.org\/wp-content\/uploads\/2022\/02\/Captura.jpg 1280w, https:\/\/fundaciosetba.org\/wp-content\/uploads\/2022\/02\/Captura-300x98.jpg 300w, https:\/\/fundaciosetba.org\/wp-content\/uploads\/2022\/02\/Captura-1024x333.jpg 1024w, https:\/\/fundaciosetba.org\/wp-content\/uploads\/2022\/02\/Captura-150x49.jpg 150w, https:\/\/fundaciosetba.org\/wp-content\/uploads\/2022\/02\/Captura-600x195.jpg 600w\" sizes=\"auto, (max-width: 1280px) 100vw, 1280px\" \/><\/a><\/p>\n<p>Para participar en la duod\u00e9cima edici\u00f3n del Premi Setba, hacer clic <a href=\"https:\/\/fundaciosetba.org\/es\/inscripcion-premio-setba\/\">aqu\u00ed<\/a> :<\/p>\n<p><a href=\"https:\/\/fundaciosetba.org\/es\/inscripcion-premio-setba\/\"><img loading=\"lazy\" decoding=\"async\" class=\"alignnone wp-image-30582 size-full\" src=\"https:\/\/fundaciosetba.org\/wp-content\/uploads\/2022\/02\/Captura2.jpg\" alt=\"\" width=\"1482\" height=\"470\" srcset=\"https:\/\/fundaciosetba.org\/wp-content\/uploads\/2022\/02\/Captura2.jpg 1482w, https:\/\/fundaciosetba.org\/wp-content\/uploads\/2022\/02\/Captura2-300x95.jpg 300w, https:\/\/fundaciosetba.org\/wp-content\/uploads\/2022\/02\/Captura2-1024x325.jpg 1024w, https:\/\/fundaciosetba.org\/wp-content\/uploads\/2022\/02\/Captura2-150x48.jpg 150w, https:\/\/fundaciosetba.org\/wp-content\/uploads\/2022\/02\/Captura2-600x190.jpg 600w\" sizes=\"auto, (max-width: 1482px) 100vw, 1482px\" \/><\/a><\/p>\n","protected":false},"excerpt":{"rendered":"<p>El artista recibir\u00e1 100\u20ac de la venta de su obra, destinando 50\u20ac a la Fundaci\u00f3 Setba para financiar el proyecto de formaci\u00f3n art\u00edstica MAGISTRALS, para personas con discapacidad intelectual.<\/p>\n","protected":false},"author":1,"featured_media":30585,"comment_status":"closed","ping_status":"closed","sticky":false,"template":"","format":"standard","meta":{"footnotes":""},"categories":[1239],"tags":[],"class_list":["post-31193","post","type-post","status-publish","format-standard","has-post-thumbnail","hentry","category-premio-setba"],"_links":{"self":[{"href":"https:\/\/fundaciosetba.org\/es\/wp-json\/wp\/v2\/posts\/31193","targetHints":{"allow":["GET"]}}],"collection":[{"href":"https:\/\/fundaciosetba.org\/es\/wp-json\/wp\/v2\/posts"}],"about":[{"href":"https:\/\/fundaciosetba.org\/es\/wp-json\/wp\/v2\/types\/post"}],"author":[{"embeddable":true,"href":"https:\/\/fundaciosetba.org\/es\/wp-json\/wp\/v2\/users\/1"}],"replies":[{"embeddable":true,"href":"https:\/\/fundaciosetba.org\/es\/wp-json\/wp\/v2\/comments?post=31193"}],"version-history":[{"count":1,"href":"https:\/\/fundaciosetba.org\/es\/wp-json\/wp\/v2\/posts\/31193\/revisions"}],"predecessor-version":[{"id":31208,"href":"https:\/\/fundaciosetba.org\/es\/wp-json\/wp\/v2\/posts\/31193\/revisions\/31208"}],"wp:featuredmedia":[{"embeddable":true,"href":"https:\/\/fundaciosetba.org\/es\/wp-json\/wp\/v2\/media\/30585"}],"wp:attachment":[{"href":"https:\/\/fundaciosetba.org\/es\/wp-json\/wp\/v2\/media?parent=31193"}],"wp:term":[{"taxonomy":"category","embeddable":true,"href":"https:\/\/fundaciosetba.org\/es\/wp-json\/wp\/v2\/categories?post=31193"},{"taxonomy":"post_tag","embeddable":true,"href":"https:\/\/fundaciosetba.org\/es\/wp-json\/wp\/v2\/tags?post=31193"}],"curies":[{"name":"wp","href":"https:\/\/api.w.org\/{rel}","templated":true}]}}