{"id":31194,"date":"2022-02-15T13:22:37","date_gmt":"2022-02-15T12:22:37","guid":{"rendered":"https:\/\/fundaciosetba.org\/hablamos-de-feminismo-fotografia-y-prision-en-el-de-boca-a-oreja-de-radio-4-con-silvia-tarragona\/"},"modified":"2022-04-12T10:45:07","modified_gmt":"2022-04-12T09:45:07","slug":"hablamos-de-feminismo-fotografia-y-prision-en-el-de-boca-a-oreja-de-radio-4-con-silvia-tarragona","status":"publish","type":"post","link":"https:\/\/fundaciosetba.org\/es\/hablamos-de-feminismo-fotografia-y-prision-en-el-de-boca-a-oreja-de-radio-4-con-silvia-tarragona\/","title":{"rendered":"Hablamos de feminismo, fotograf\u00eda y prisi\u00f3n en el \u201cDe boca a oreja\u201d de R\u00e0dio 4 con S\u00edlvia Tarragona"},"content":{"rendered":"<p>El programa <em>De boca a oreja<\/em> de Radio Nacional 4 se hace eco del impacto que tiene la fotograf\u00eda en la autoestima y empoderamiento de las mujeres internas en centros penitenciarios. S\u00edlvia Tarragona entrevist\u00f3 el lunes 14 de febrero a Cristina Sampere ya Marta F\u00e0bregas, directora art\u00edstica del proyecto <em>Traspassant el objectiu<\/em> , que acompa\u00f1a a estas mujeres en la contribuci\u00f3n de esta transformaci\u00f3n.<\/p>\n<p>Por primera vez se habl\u00f3 del fotolibro <em>BRIANS: mujeres invisibles<\/em> , que saldr\u00e1 a la venta el pr\u00f3ximo 28 de febrero a trav\u00e9s de nuestra <a href=\"http:\/\/www.fundaciosetba.org\/botiga\">p\u00e1gina web<\/a> . Un libro que contiene fotograf\u00edas de las mismas internas participantes en el proyecto, retratos del artista Marta F\u00e0bregas, fotograf\u00edas del espacio de la fot\u00f3grafa Laura G\u00e1lvez-Rhein, y dos reportajes, uno de Camila Oliveira actualmente en tercer grado y que ha contado con la mentor\u00eda de Marta F\u00e0bregas, y otro de Sof\u00eda Kyprisli, quien permanece en Brians y que ha tenido a la fotoperiodista Sandra Balsells como mentora.<\/p>\n<p>Las mujeres son las grandes olvidadas del sistema penitenciario, s\u00f3lo representan al 7% de la poblaci\u00f3n reclusa, disponiendo de menos instalaciones y recursos que los hombres. Este proyecto es una declaraci\u00f3n de principios y este libro es el primero de la colecci\u00f3n. La Fundaci\u00f3n quiere contribuir a la transformaci\u00f3n social a trav\u00e9s de la cultura, una poderosa herramienta que siempre nos salva.<\/p>\n<p>Puede escuchar el <a href=\"https:\/\/www.rtve.es\/play\/audios\/de-boca-a-orella\/retratistes-brians\/6374502\/\">podcast del programa aqu\u00ed<\/a> .<\/p>\n<p><em>Traspasando el objetivo<\/em> es un proyecto de la comunidad IMPULSA CULTURA, en el que colaboran Panasonic, Marc Mart\u00ed y el Departament de Just\u00edcia.<\/p>\n","protected":false},"excerpt":{"rendered":"<p>El programa &#8220;De boca a oreja&#8221; de Radio Nacional 4 se hace eco del impacto que tiene la fotograf\u00eda en la autoestima y empoderamiento de las mujeres internas en centros penitenciarios.<\/p>\n","protected":false},"author":1,"featured_media":30290,"comment_status":"closed","ping_status":"closed","sticky":false,"template":"","format":"standard","meta":{"footnotes":""},"categories":[1238],"tags":[],"class_list":["post-31194","post","type-post","status-publish","format-standard","has-post-thumbnail","hentry","category-traspasando-el-objetivo"],"_links":{"self":[{"href":"https:\/\/fundaciosetba.org\/es\/wp-json\/wp\/v2\/posts\/31194","targetHints":{"allow":["GET"]}}],"collection":[{"href":"https:\/\/fundaciosetba.org\/es\/wp-json\/wp\/v2\/posts"}],"about":[{"href":"https:\/\/fundaciosetba.org\/es\/wp-json\/wp\/v2\/types\/post"}],"author":[{"embeddable":true,"href":"https:\/\/fundaciosetba.org\/es\/wp-json\/wp\/v2\/users\/1"}],"replies":[{"embeddable":true,"href":"https:\/\/fundaciosetba.org\/es\/wp-json\/wp\/v2\/comments?post=31194"}],"version-history":[{"count":1,"href":"https:\/\/fundaciosetba.org\/es\/wp-json\/wp\/v2\/posts\/31194\/revisions"}],"predecessor-version":[{"id":31210,"href":"https:\/\/fundaciosetba.org\/es\/wp-json\/wp\/v2\/posts\/31194\/revisions\/31210"}],"wp:featuredmedia":[{"embeddable":true,"href":"https:\/\/fundaciosetba.org\/es\/wp-json\/wp\/v2\/media\/30290"}],"wp:attachment":[{"href":"https:\/\/fundaciosetba.org\/es\/wp-json\/wp\/v2\/media?parent=31194"}],"wp:term":[{"taxonomy":"category","embeddable":true,"href":"https:\/\/fundaciosetba.org\/es\/wp-json\/wp\/v2\/categories?post=31194"},{"taxonomy":"post_tag","embeddable":true,"href":"https:\/\/fundaciosetba.org\/es\/wp-json\/wp\/v2\/tags?post=31194"}],"curies":[{"name":"wp","href":"https:\/\/api.w.org\/{rel}","templated":true}]}}