{"id":31195,"date":"2022-02-08T13:20:29","date_gmt":"2022-02-08T12:20:29","guid":{"rendered":"https:\/\/fundaciosetba.org\/la-fundacio-setba-entra-a-formar-parte-de-la-mesa-de-participacion-social-del-departamento-de-justicia\/"},"modified":"2022-04-12T10:46:21","modified_gmt":"2022-04-12T09:46:21","slug":"la-fundacio-setba-entra-a-formar-parte-de-la-mesa-de-participacion-social-del-departamento-de-justicia","status":"publish","type":"post","link":"https:\/\/fundaciosetba.org\/es\/la-fundacio-setba-entra-a-formar-parte-de-la-mesa-de-participacion-social-del-departamento-de-justicia\/","title":{"rendered":"La Fundaci\u00f3n Setba entra a formar parte de la Mesa de Participaci\u00f3n Social del Departamento de Justicia"},"content":{"rendered":"<p>El mi\u00e9rcoles 26 de enero de 2022 se celebr\u00f3 el plenario electoral de la Mesa de Participaci\u00f3n Social (TPS) que tiene lugar una vez al a\u00f1o. El plenario electoral consiste en renovar, a partir de un proceso democr\u00e1tico, una tercera parte de las entidades que forman la Comisi\u00f3n Permanente durante los pr\u00f3ximos 3 a\u00f1os. En este proceso electoral participan todas las entidades del territorio catal\u00e1n con v\u00ednculo con el Departamento de Justicia. El evento lo presidi\u00f3 el secretario de Medidas Penales, Reinserci\u00f3n y Atenci\u00f3n a la v\u00edctima, Sergi Bl\u00e1zquez Quevedo.<\/p>\n<p><strong>La Fundaci\u00f3n Setba fue elegida como entidad colaboradora, junto con la Fundaci\u00f3n Apip-Acam.<\/strong> La entidad de voluntariado escogida fue la Asociaci\u00f3n Just\u00edcia i Pau. En esta mesa, contin\u00faan su representaci\u00f3n como entidades de voluntariado la Asociaci\u00f3n de Servicios Integrales de Futuro y Fundaci\u00f3n Privada Sant Antoni Abad; como colaboradoras la Fundaci\u00f3n Asistencia y Gesti\u00f3n Integral, la Asociaci\u00f3n Salud Mental Ponent, la Asociaci\u00f3n Alperroverde y la Fundaci\u00f3n Salud y Comunidad.<\/p>\n<p><strong>Formar parte de la Mesa de Participaci\u00f3n Social es un hecho importante para la Fundaci\u00f3n<\/strong> , puesto que cumple as\u00ed uno de los objetivos de este 2022: trabajar para incidir en pol\u00edticas institucionales en el \u00e1mbito de la cultura.<\/p>\n<p>La Mesa de Participaci\u00f3n social, como \u00f3rgano consultivo, es un espacio estable de participaci\u00f3n ciudadana abierto a las entidades sociales que dispone de distintos espacios de trabajo compartidos entre representantes de la Administraci\u00f3n y de las entidades sociales que colaboran. Dispone de un plan de trabajo que define los objetivos y actuaciones concretas dentro de los siguientes 3 \u00e1mbitos o ejes de trabajo establecidos:<\/p>\n<ul>\n<li><strong>Mejorar el trabajo en red y la interlocuci\u00f3n entre el departamento y las entidades sociales.<\/strong> Trabajar de forma coordinada para una buena comunicaci\u00f3n interna, transparencia y colaboraci\u00f3n interinstitucional organizada y efectiva.<\/li>\n<\/ul>\n<ul>\n<li><strong>Mejorar la intervenci\u00f3n<\/strong> : trabajar conjuntamente en el despliegue de proyectos y metodolog\u00edas de trabajo que mejoren la calidad de la atenci\u00f3n a las personas que cumplen medidas penales ya las v\u00edctimas de los delitos.<\/li>\n<\/ul>\n<ul>\n<li><strong>Generar opini\u00f3n p\u00fablica favorable al sistema de ejecuci\u00f3n penal<\/strong> : dar a conocer a la opini\u00f3n p\u00fablica en general y en especial a las administraciones, entidades y agentes sociales cercanos a la ejecuci\u00f3n penal los programas, proyectos y actividades de rehabilitaci\u00f3n, reinserci\u00f3n y reparaci\u00f3n que se llevan a cabo.<\/li>\n<\/ul>\n<p>&nbsp;<\/p>\n<p>Referencias:<\/p>\n<p><a href=\"http:\/\/justicia.gencat.cat\/ca\/detalls\/Article\/renovacio-tps-2022\">http:\/\/justicia.gencat.cat\/ca\/detalls\/Article\/renovacio-tps-2022<\/a><\/p>\n<p><a href=\"http:\/\/justicia.gencat.cat\/ca\/ambits\/reinsercio_i_serveis_penitenciaris\/tps\/funcions_i_principis\/\">http:\/\/justicia.gencat.cat\/ca\/ambits\/reinsercio_i_serveis_penitenciaris\/tps\/funcions_i_principis\/<\/a><\/p>\n","protected":false},"excerpt":{"rendered":"<p>La Fundaci\u00f3n Setba fue elegida como entidad colaboradora, junto con la Fundaci\u00f3n Apip-Acam.<\/p>\n","protected":false},"author":1,"featured_media":30274,"comment_status":"closed","ping_status":"closed","sticky":false,"template":"","format":"standard","meta":{"footnotes":""},"categories":[1238,1241],"tags":[],"class_list":["post-31195","post","type-post","status-publish","format-standard","has-post-thumbnail","hentry","category-traspasando-el-objetivo","category-traspasando-muros"],"_links":{"self":[{"href":"https:\/\/fundaciosetba.org\/es\/wp-json\/wp\/v2\/posts\/31195","targetHints":{"allow":["GET"]}}],"collection":[{"href":"https:\/\/fundaciosetba.org\/es\/wp-json\/wp\/v2\/posts"}],"about":[{"href":"https:\/\/fundaciosetba.org\/es\/wp-json\/wp\/v2\/types\/post"}],"author":[{"embeddable":true,"href":"https:\/\/fundaciosetba.org\/es\/wp-json\/wp\/v2\/users\/1"}],"replies":[{"embeddable":true,"href":"https:\/\/fundaciosetba.org\/es\/wp-json\/wp\/v2\/comments?post=31195"}],"version-history":[{"count":1,"href":"https:\/\/fundaciosetba.org\/es\/wp-json\/wp\/v2\/posts\/31195\/revisions"}],"predecessor-version":[{"id":31211,"href":"https:\/\/fundaciosetba.org\/es\/wp-json\/wp\/v2\/posts\/31195\/revisions\/31211"}],"wp:featuredmedia":[{"embeddable":true,"href":"https:\/\/fundaciosetba.org\/es\/wp-json\/wp\/v2\/media\/30274"}],"wp:attachment":[{"href":"https:\/\/fundaciosetba.org\/es\/wp-json\/wp\/v2\/media?parent=31195"}],"wp:term":[{"taxonomy":"category","embeddable":true,"href":"https:\/\/fundaciosetba.org\/es\/wp-json\/wp\/v2\/categories?post=31195"},{"taxonomy":"post_tag","embeddable":true,"href":"https:\/\/fundaciosetba.org\/es\/wp-json\/wp\/v2\/tags?post=31195"}],"curies":[{"name":"wp","href":"https:\/\/api.w.org\/{rel}","templated":true}]}}