{"id":31196,"date":"2022-01-26T11:36:42","date_gmt":"2022-01-26T10:36:42","guid":{"rendered":"https:\/\/fundaciosetba.org\/entrevista-en-adria-gomez\/"},"modified":"2022-04-12T10:44:29","modified_gmt":"2022-04-12T09:44:29","slug":"entrevista-en-adria-gomez","status":"publish","type":"post","link":"https:\/\/fundaciosetba.org\/es\/entrevista-en-adria-gomez\/","title":{"rendered":"Entrevista a Adri\u00e0 G\u00f3mez"},"content":{"rendered":"<p>Entrevistamos a Adri\u00e0 G\u00f3mez de la Fundaci\u00f3n Aspronis, ganador del Premio Setba 2021 organizado por la Fundaci\u00f3n Setba, dentro del proyecto <em>Magistrals<\/em> . G\u00f3mez gan\u00f3 el primer premio gracias a su obra <em>Blanco y negro<\/em> .<\/p>\n<p><strong>\u00bfYa hemos visto que te gusta mucho dibujar, desde cu\u00e1ndo? \u00bfLo descubriste en la Fundaci\u00f3n o ya pintabas desde peque\u00f1o?<\/strong><br \/>\nS\u00ed, me gusta mucho. Desde peque\u00f1o que dibujo.<\/p>\n<p><strong>\u00bfConsideras que tu t\u00e9cnica es el dibujo? \u00bfO tambi\u00e9n pintas?<\/strong><br \/>\nSiempre he dibujado con bol\u00edgrafo. Con los a\u00f1os he podido probar diferentes t\u00e9cnicas y cuando lo hago con bol\u00edgrafo es cuando me siento m\u00e1s c\u00f3modo.<\/p>\n<p><strong>\u00bfC\u00f3mo te sientes cuando pintas?<\/strong><br \/>\nMe tranquiliza, me hace sentir muy bien.<\/p>\n<p><strong>\u00bfEs la primera vez que te presentas en el certamen de pintura del Premi Setba? \u00bfC\u00f3mo supiste que hab\u00eda ese premio?<\/strong><br \/>\nS\u00ed, es la primera vez que me presento. Desde el SOI \u2013 Servicio de Inserci\u00f3n Laboral \u2013 nos lo propusieron a varios compa\u00f1eros ya m\u00ed. Tengo amigos que se hab\u00edan presentado en otras ediciones. Era la primera vez que hac\u00eda un dibujo tan grande. Siempre hago dibujos m\u00e1s peque\u00f1os en mi libreta.<\/p>\n<p><strong>\u00bfTe esperabas ganar el primer premio? \u00bfC\u00f3mo te sentiste cuando escuchaste tu nombre?<\/strong><br \/>\nS\u00ed, estaba convencido de que con la obra de <em>Blanc i Negre<\/em> podr\u00eda llegar a ganar el premio. Cuando dijeron mi nombre para subir al escenario me sent\u00ed muy contento, alegre y orgulloso de mi dibujo.<\/p>\n<p><strong>\u00bfEn qu\u00e9 te inspiraste para hacer la obra <em>Blanco y Negro<\/em> ?<\/strong><br \/>\nLa obra est\u00e1 inspirada en pel\u00edculas que me gustan como Piratas del Caribe, Jack el Caza gigantes, Cr\u00f3nicas de Narnia&#8230; Y tambi\u00e9n me fijo en pintores como Vel\u00e1zquez para inspirarme y empezar mis dibujos.<\/p>\n<p><strong>\u00bfQu\u00e9 has aprendido present\u00e1ndote en el Premi Setba?<\/strong><br \/>\nHe aprendido a dibujar en un tama\u00f1o mucho mayor de lo que estoy acostumbrado. Normalmente hago dibujos m\u00e1s peque\u00f1os.<\/p>\n<p><strong>\u00bfTe ha gustado participar en la Sesi\u00f3n Creativa en La Casa de Carlota? \u00bfPor qu\u00e9?<\/strong><br \/>\nS\u00ed, me gust\u00f3 mucho aprender nuevas t\u00e9cnicas que no hab\u00eda utilizado antes.<\/p>\n<p><strong>\u00bfYa has utilizado el lote de pinturas que ganaste en el concurso? \u00bfEn qu\u00e9?<\/strong><br \/>\nNo, el lote de pinturas todav\u00eda no lo he utilizado. Pero con el cheque del dinero para la Fundaci\u00f3n decidimos ir todo el SOI a pasar un d\u00eda en Port Aventura. Estoy muy contento de que el premio haya servido para pasar un buen d\u00eda con todos sus compa\u00f1eros.<\/p>\n<p><strong>\u00bfY ahora qu\u00e9 vas a hacer? \u00bfQuieres seguir dibujando?<\/strong><br \/>\n\u00a1S\u00ed, de hecho no dejo de dibujar nunca e intento hacerlo todos los d\u00edas!<\/p>\n<p><strong>Obra ganadora 2021 &#8211; <em>Blanco y negro<\/em> de Adri\u00e0 G\u00f3mez<\/strong><\/p>\n<p><img loading=\"lazy\" decoding=\"async\" class=\"alignnone wp-image-30183 size-large\" src=\"https:\/\/fundaciosetba.org\/wp-content\/uploads\/2022\/01\/Setba-076R-731x1024.jpg\" alt=\"\" width=\"731\" height=\"1024\" srcset=\"https:\/\/fundaciosetba.org\/wp-content\/uploads\/2022\/01\/Setba-076R-731x1024.jpg 731w, https:\/\/fundaciosetba.org\/wp-content\/uploads\/2022\/01\/Setba-076R-214x300.jpg 214w, https:\/\/fundaciosetba.org\/wp-content\/uploads\/2022\/01\/Setba-076R-71x100.jpg 71w, https:\/\/fundaciosetba.org\/wp-content\/uploads\/2022\/01\/Setba-076R-286x400.jpg 286w, https:\/\/fundaciosetba.org\/wp-content\/uploads\/2022\/01\/Setba-076R-600x840.jpg 600w, https:\/\/fundaciosetba.org\/wp-content\/uploads\/2022\/01\/Setba-076R.jpg 1400w\" sizes=\"auto, (max-width: 731px) 100vw, 731px\" \/><\/p>\n<p><strong>Adri\u00e0 G\u00f2mez recogiendo el primer premio con el presidente de la Fundaci\u00f3n Setba, durante la gala de los Premios Setba celebrada en CaixaF\u00f2rum<\/strong><\/p>\n<p><img loading=\"lazy\" decoding=\"async\" class=\"alignnone wp-image-30228 size-us_600_400\" src=\"https:\/\/fundaciosetba.org\/wp-content\/uploads\/2022\/01\/Premis-Setba-2021cCarles-R-1967-copia-600x400.jpg\" alt=\"\" width=\"600\" height=\"400\" srcset=\"https:\/\/fundaciosetba.org\/wp-content\/uploads\/2022\/01\/Premis-Setba-2021cCarles-R-1967-copia-600x400.jpg 600w, https:\/\/fundaciosetba.org\/wp-content\/uploads\/2022\/01\/Premis-Setba-2021cCarles-R-1967-copia-300x200.jpg 300w, https:\/\/fundaciosetba.org\/wp-content\/uploads\/2022\/01\/Premis-Setba-2021cCarles-R-1967-copia-1024x683.jpg 1024w, https:\/\/fundaciosetba.org\/wp-content\/uploads\/2022\/01\/Premis-Setba-2021cCarles-R-1967-copia-150x100.jpg 150w\" sizes=\"auto, (max-width: 600px) 100vw, 600px\" \/><\/p>\n","protected":false},"excerpt":{"rendered":"<p>Entrevistamos a Adri\u00e0 G\u00f3mez de la Fundaci\u00f3n Aspronis, ganador del Premi Setba 2021 por su obra &#8220;Blanco y negro&#8221;.<\/p>\n","protected":false},"author":1,"featured_media":30222,"comment_status":"closed","ping_status":"closed","sticky":false,"template":"","format":"standard","meta":{"footnotes":""},"categories":[1237,1239],"tags":[],"class_list":["post-31196","post","type-post","status-publish","format-standard","has-post-thumbnail","hentry","category-magistrales","category-premio-setba"],"_links":{"self":[{"href":"https:\/\/fundaciosetba.org\/es\/wp-json\/wp\/v2\/posts\/31196","targetHints":{"allow":["GET"]}}],"collection":[{"href":"https:\/\/fundaciosetba.org\/es\/wp-json\/wp\/v2\/posts"}],"about":[{"href":"https:\/\/fundaciosetba.org\/es\/wp-json\/wp\/v2\/types\/post"}],"author":[{"embeddable":true,"href":"https:\/\/fundaciosetba.org\/es\/wp-json\/wp\/v2\/users\/1"}],"replies":[{"embeddable":true,"href":"https:\/\/fundaciosetba.org\/es\/wp-json\/wp\/v2\/comments?post=31196"}],"version-history":[{"count":1,"href":"https:\/\/fundaciosetba.org\/es\/wp-json\/wp\/v2\/posts\/31196\/revisions"}],"predecessor-version":[{"id":31212,"href":"https:\/\/fundaciosetba.org\/es\/wp-json\/wp\/v2\/posts\/31196\/revisions\/31212"}],"wp:featuredmedia":[{"embeddable":true,"href":"https:\/\/fundaciosetba.org\/es\/wp-json\/wp\/v2\/media\/30222"}],"wp:attachment":[{"href":"https:\/\/fundaciosetba.org\/es\/wp-json\/wp\/v2\/media?parent=31196"}],"wp:term":[{"taxonomy":"category","embeddable":true,"href":"https:\/\/fundaciosetba.org\/es\/wp-json\/wp\/v2\/categories?post=31196"},{"taxonomy":"post_tag","embeddable":true,"href":"https:\/\/fundaciosetba.org\/es\/wp-json\/wp\/v2\/tags?post=31196"}],"curies":[{"name":"wp","href":"https:\/\/api.w.org\/{rel}","templated":true}]}}