{"id":31198,"date":"2022-01-19T09:54:06","date_gmt":"2022-01-19T08:54:06","guid":{"rendered":"https:\/\/fundaciosetba.org\/wad-ras-da-la-bienvenida-al-proyecto-de-fotografia-traspasando-el-objetivo\/"},"modified":"2022-04-12T10:45:31","modified_gmt":"2022-04-12T09:45:31","slug":"wad-ras-da-la-bienvenida-al-proyecto-de-fotografia-traspasando-el-objetivo","status":"publish","type":"post","link":"https:\/\/fundaciosetba.org\/es\/wad-ras-da-la-bienvenida-al-proyecto-de-fotografia-traspasando-el-objetivo\/","title":{"rendered":"Wad-Ras da la bienvenida al proyecto de fotograf\u00eda Traspasando el objetivo"},"content":{"rendered":"<p>Con ya cuatro ediciones del <strong>proyecto dirigido por el artista Marta F\u00e0bregas<\/strong> en el Centro Penitenciario de Brians 1 en Sant Esteve Sesrovires, la Fundaci\u00f3n Setba da un paso adelante con el Departamento de Justicia y deciden llevar a cabo este taller en Wad-Ras, gracias al impacto positivo registrado durante las ediciones anteriores.<\/p>\n<p>Durante el 2021 <strong>el 76,6% de las encuestadas sinti\u00f3 que hab\u00eda mejorado su autoestima<\/strong> <em>\u00abAntes pensaba que no pod\u00eda salir bien en las fotos.\u00bb<\/em> . La mayor\u00eda reconoce haberse sentido m\u00e1s segura al acabar el taller, no s\u00f3lo por cuestiones de apariencia f\u00edsica sino por el conocimiento absorbido.<\/p>\n<p>Tambi\u00e9n se ha anotado un incremento en relaci\u00f3n con el compromiso y responsabilidades de las participantes. De las 19 mujeres que empezaron el taller, lo han terminado 13 y de \u00e9stas, el 30% no hab\u00eda faltado a ninguna sesi\u00f3n y el 2% s\u00f3lo ha faltado a una sesi\u00f3n. <strong>La direcci\u00f3n de la unidad de mujeres nos confirma que estas cifras de participaci\u00f3n son muy buenas dada la falta de constancia habitual de las internas<\/strong> .<\/p>\n<p>Otro dato destacable fue el inter\u00e9s mostrado en el estudio de los apuntes del taller y la voluntad por seguir aprendiendo aspectos de la fotograf\u00eda: <strong><em>\u00abCuando salga de aqu\u00ed quiero apuntarme a un curso de fotograf\u00eda\u00bb<\/em><\/strong> o <em>Antes solo conoc\u00eda el selfie. \u00bb<\/em> .<\/p>\n<p><img loading=\"lazy\" decoding=\"async\" class=\"alignnone wp-image-30164 size-us_600_400\" src=\"https:\/\/fundaciosetba.org\/wp-content\/uploads\/2022\/01\/2021-09_Traspassant-Objectiu-4_109-600x400.jpg\" alt=\"\" width=\"600\" height=\"400\" srcset=\"https:\/\/fundaciosetba.org\/wp-content\/uploads\/2022\/01\/2021-09_Traspassant-Objectiu-4_109-600x400.jpg 600w, https:\/\/fundaciosetba.org\/wp-content\/uploads\/2022\/01\/2021-09_Traspassant-Objectiu-4_109-300x200.jpg 300w, https:\/\/fundaciosetba.org\/wp-content\/uploads\/2022\/01\/2021-09_Traspassant-Objectiu-4_109-1024x683.jpg 1024w, https:\/\/fundaciosetba.org\/wp-content\/uploads\/2022\/01\/2021-09_Traspassant-Objectiu-4_109-150x100.jpg 150w\" sizes=\"auto, (max-width: 600px) 100vw, 600px\" \/><\/p>\n<p>La formaci\u00f3n en Wad-Ras la dirigir\u00e1 Marta F\u00e0bregas con quien aprender\u00e1n conceptos b\u00e1sicos de fotograf\u00eda y funcionamiento de la c\u00e1mara, la tipolog\u00eda de planos seg\u00fan las \u00f3pticas, trabajar\u00e1n el tipo de luz, la velocidad y movimiento, enfoque, composici\u00f3n y por supuesto, aprender\u00e1n a poner delante de una c\u00e1mara. <strong>Como novedad, en esta edici\u00f3n, tendremos la participaci\u00f3n especial de la fotoperiodista Sandra Balsells<\/strong> quien explicar\u00e1 su trayectoria profesional y aportar\u00e1 conocimientos sobre el retrato de reportaje.<\/p>\n<p>La edici\u00f3n finalizar\u00e1 a 24 de febrero de 2022, realizando el acto de clausura el 8 de marzo, en el D\u00eda Internacional de las Mujeres.<\/p>\n<p>Este proyecto recibe el apoyo del Departamento de Justicia, el Instituto Catal\u00e1n de las Mujeres, Panasonic, Marc Mart\u00ed, la Fundaci\u00f3n Catalunya Cultura y el Festival Luminic.<\/p>\n","protected":false},"excerpt":{"rendered":"<p>Wad-Ras, el centro penitenciario de mujeres de Barcelona, da la bienvenida a Traspassant el objetivo. La formaci\u00f3n contar\u00e1 con el artista Marta F\u00e0bregas y la fotoperiodista Sandra Balsells.<\/p>\n","protected":false},"author":1,"featured_media":30161,"comment_status":"closed","ping_status":"closed","sticky":false,"template":"","format":"standard","meta":{"footnotes":""},"categories":[1238],"tags":[],"class_list":["post-31198","post","type-post","status-publish","format-standard","has-post-thumbnail","hentry","category-traspasando-el-objetivo"],"_links":{"self":[{"href":"https:\/\/fundaciosetba.org\/es\/wp-json\/wp\/v2\/posts\/31198","targetHints":{"allow":["GET"]}}],"collection":[{"href":"https:\/\/fundaciosetba.org\/es\/wp-json\/wp\/v2\/posts"}],"about":[{"href":"https:\/\/fundaciosetba.org\/es\/wp-json\/wp\/v2\/types\/post"}],"author":[{"embeddable":true,"href":"https:\/\/fundaciosetba.org\/es\/wp-json\/wp\/v2\/users\/1"}],"replies":[{"embeddable":true,"href":"https:\/\/fundaciosetba.org\/es\/wp-json\/wp\/v2\/comments?post=31198"}],"version-history":[{"count":1,"href":"https:\/\/fundaciosetba.org\/es\/wp-json\/wp\/v2\/posts\/31198\/revisions"}],"predecessor-version":[{"id":31213,"href":"https:\/\/fundaciosetba.org\/es\/wp-json\/wp\/v2\/posts\/31198\/revisions\/31213"}],"wp:featuredmedia":[{"embeddable":true,"href":"https:\/\/fundaciosetba.org\/es\/wp-json\/wp\/v2\/media\/30161"}],"wp:attachment":[{"href":"https:\/\/fundaciosetba.org\/es\/wp-json\/wp\/v2\/media?parent=31198"}],"wp:term":[{"taxonomy":"category","embeddable":true,"href":"https:\/\/fundaciosetba.org\/es\/wp-json\/wp\/v2\/categories?post=31198"},{"taxonomy":"post_tag","embeddable":true,"href":"https:\/\/fundaciosetba.org\/es\/wp-json\/wp\/v2\/tags?post=31198"}],"curies":[{"name":"wp","href":"https:\/\/api.w.org\/{rel}","templated":true}]}}