{"id":31202,"date":"2022-01-12T11:49:37","date_gmt":"2022-01-12T10:49:37","guid":{"rendered":"https:\/\/fundaciosetba.org\/el-muro-de-can-llupia-llega-al-museo-maritimo-de-barcelona\/"},"modified":"2022-04-12T10:46:31","modified_gmt":"2022-04-12T09:46:31","slug":"el-muro-de-can-llupia-llega-al-museo-maritimo-de-barcelona","status":"publish","type":"post","link":"https:\/\/fundaciosetba.org\/es\/el-muro-de-can-llupia-llega-al-museo-maritimo-de-barcelona\/","title":{"rendered":"El muro de Can Llupi\u00e0 llega al Museo Mar\u00edtimo de Barcelona"},"content":{"rendered":"<p>El Museo Mar\u00edtimo de Barcelona inaugura la <strong>exposici\u00f3n temporal \u00abTraspasando mares y muros. El arte como salvavidas\u00bb<\/strong> . La muestra da visibilidad al proyecto dirigido por Marcel\u00b7l\u00ed Ant\u00fanez, y organizado por la Fundaci\u00f3n Setba en el Centro Educativo de Justicia Juvenil Can Llupi\u00e0 de Barcelona.<\/p>\n<p>La exposici\u00f3n es un recorrido por seis paneles con fotograf\u00edas y vitrinas con dibujos preparatorios de este proyecto de transformaci\u00f3n social: <strong>un mural de 60 metros lineales, que rodean el Centro Can Lupi\u00e0, pintado por 182 j\u00f3venes internos<\/strong> , los cuales decidieron dedicar \u00faltimo tramo en el mar.<\/p>\n<p>Traspassant murs es el proyecto de mediaci\u00f3n art\u00edstica de la Fundaci\u00f3n Setba, entidad sin \u00e1nimo de lucro que quiere contribuir a la transformaci\u00f3n social a trav\u00e9s de la cultura. La Fundaci\u00f3n idea proyectos de la mano de artistas profesionales y cuenta con el apoyo, en este caso, del Departamento de Justicia de la Generalitat de Catalunya.<\/p>\n<p>El objetivo general de Traspassant murs es <strong>aumentar las posibilidades de reinserci\u00f3n de los j\u00f3venes<\/strong> , tanto para la mejora de su autoestima como de las competencias relacionales y de acci\u00f3n, transformando el espacio f\u00edsico donde conviven y mostr\u00e1ndoles que el arte es un lenguaje v\u00e1lido.<\/p>\n<p>El proyecto Traspassant murs comenz\u00f3 en 2018 en el Centro Can Llupi\u00e0 de Barcelona bajo la direcci\u00f3n del artista multidisciplinar Marcel\u00b7l\u00ed Ant\u00fanez y finaliz\u00f3 en marzo de 2021, con un a\u00f1o en blanco a causa de la pandemia.<\/p>\n<p>La exposici\u00f3n estar\u00e1 instalada en el vest\u00edbulo del Museo Mar\u00edtimo de Barcelona desde el 16 de septiembre al 20 de febrero de 2021.<\/p>\n<p><a href=\"https:\/\/www.lavanguardia.com\/vida\/20210919\/7730902\/muros-libertad.html\"><strong>Reportaje de La Vanguardia<\/strong><\/a> por el periodista Antoni L\u00f3pez Tovar.<br \/>\n<a href=\"https:\/\/www.ccma.cat\/tv3\/alacarta\/quan-arribin-els-marcians\/el-mar-lescenari-de-grans-histories-de-supervivencia\/video\/6133358\/\"><strong>Aparici\u00f3n en el programa <em>Cuando lleguen los marcianos<\/em> de TV3<\/strong><\/a> , dirigido por Bego\u00f1a Garc\u00eda.<\/p>\n","protected":false},"excerpt":{"rendered":"<p>Exposici\u00f3n temporal &#8220;Traspasando mares y muros. El arte como salvavidas&#8221;. La muestra da visibilidad al proyecto dirigido por Marcel\u00b7l\u00ed Ant\u00fanez, y organizado por la Fundaci\u00f3n Setba en el Centro Educativo de Justicia Juvenil Can Llupi\u00e0 de Barcelona.<\/p>\n","protected":false},"author":1,"featured_media":29782,"comment_status":"closed","ping_status":"closed","sticky":false,"template":"","format":"standard","meta":{"footnotes":""},"categories":[1241],"tags":[],"class_list":["post-31202","post","type-post","status-publish","format-standard","has-post-thumbnail","hentry","category-traspasando-muros"],"_links":{"self":[{"href":"https:\/\/fundaciosetba.org\/es\/wp-json\/wp\/v2\/posts\/31202","targetHints":{"allow":["GET"]}}],"collection":[{"href":"https:\/\/fundaciosetba.org\/es\/wp-json\/wp\/v2\/posts"}],"about":[{"href":"https:\/\/fundaciosetba.org\/es\/wp-json\/wp\/v2\/types\/post"}],"author":[{"embeddable":true,"href":"https:\/\/fundaciosetba.org\/es\/wp-json\/wp\/v2\/users\/1"}],"replies":[{"embeddable":true,"href":"https:\/\/fundaciosetba.org\/es\/wp-json\/wp\/v2\/comments?post=31202"}],"version-history":[{"count":1,"href":"https:\/\/fundaciosetba.org\/es\/wp-json\/wp\/v2\/posts\/31202\/revisions"}],"predecessor-version":[{"id":31214,"href":"https:\/\/fundaciosetba.org\/es\/wp-json\/wp\/v2\/posts\/31202\/revisions\/31214"}],"wp:featuredmedia":[{"embeddable":true,"href":"https:\/\/fundaciosetba.org\/es\/wp-json\/wp\/v2\/media\/29782"}],"wp:attachment":[{"href":"https:\/\/fundaciosetba.org\/es\/wp-json\/wp\/v2\/media?parent=31202"}],"wp:term":[{"taxonomy":"category","embeddable":true,"href":"https:\/\/fundaciosetba.org\/es\/wp-json\/wp\/v2\/categories?post=31202"},{"taxonomy":"post_tag","embeddable":true,"href":"https:\/\/fundaciosetba.org\/es\/wp-json\/wp\/v2\/tags?post=31202"}],"curies":[{"name":"wp","href":"https:\/\/api.w.org\/{rel}","templated":true}]}}