{"id":31203,"date":"2022-01-11T12:29:53","date_gmt":"2022-01-11T11:29:53","guid":{"rendered":"https:\/\/fundaciosetba.org\/cristina-sampere-recibe-el-semaforo-verde-de-la-vanguardia\/"},"modified":"2022-04-12T10:45:39","modified_gmt":"2022-04-12T09:45:39","slug":"cristina-sampere-recibe-el-semaforo-verde-de-la-vanguardia","status":"publish","type":"post","link":"https:\/\/fundaciosetba.org\/es\/cristina-sampere-recibe-el-semaforo-verde-de-la-vanguardia\/","title":{"rendered":"Cristina Sampere recibe el sem\u00e1foro verde de La Vanguardia"},"content":{"rendered":"<p>La directora de la Fundaci\u00f3n Setba, Cristina Sampere, ha recibido la menci\u00f3n especial en forma de sem\u00e1foro verde en La Vanguardia, gracias al desarrollo del proyecto <em>Traspassant el objectiu<\/em> . Este reconocimiento ha llegado junto con un reportaje a doble p\u00e1gina de la periodista Carina Farreras, que lleva como t\u00edtulo <a href=\"https:\/\/www.lavanguardia.com\/vida\/20220101\/7963111\/internas-can-brians-traspasan-muros-prision-camara.amp.html\">&#8220;Las retratistas de Brians&#8221;<\/a> .<\/p>\n<p><em>\u00abPara una barcelonesa y lectora diaria de LA VANGUARDIA, recibir un sem\u00e1foro verde es todo un honor y reconozco que me hace especial ilusi\u00f3n por la visibilidad que tiene y porque har\u00e1 que mucha m\u00e1s gente conozca nuestro proyecto, que al final es de lo que se trata.\u00bb<\/em>, asegura Sampere.<\/p>\n<p><a href=\"https:\/\/fundaciosetba.org\/es\/projecte\/traspasando-el-objetivo\/\"><em>Traspasando el objetivo<\/em><\/a> es un taller de fotograf\u00eda para mujeres internas en centros penitenciarios de Catalu\u00f1a de la Fundaci\u00f3n Setba y dirigido por Marta F\u00e0bregas Aragall, artista y activista por los derechos de las mujeres. Este proyecto recibe el apoyo del Departamento de Justicia, de los centros penitenciarios de Brians 1 y Wad-Ras, de las empresas Panasonic, La Fotogr\u00e0fica y Marc Mart\u00ed y del festival Luminic y de la Fundaci\u00f3 Catalunya Cultura.<\/p>\n<p>&nbsp;<\/p>\n<p>&nbsp;<\/p>\n","protected":false},"excerpt":{"rendered":"<p>La directora de la Fundaci\u00f3n Setba, Cristina Sampere, ha recibido la menci\u00f3n especial en forma de sem\u00e1foro verde en La Vanguardia, gracias al desarrollo del proyecto Traspassant el objectiu.<\/p>\n","protected":false},"author":1,"featured_media":30110,"comment_status":"closed","ping_status":"closed","sticky":false,"template":"","format":"standard","meta":{"footnotes":""},"categories":[1238],"tags":[],"class_list":["post-31203","post","type-post","status-publish","format-standard","has-post-thumbnail","hentry","category-traspasando-el-objetivo"],"_links":{"self":[{"href":"https:\/\/fundaciosetba.org\/es\/wp-json\/wp\/v2\/posts\/31203","targetHints":{"allow":["GET"]}}],"collection":[{"href":"https:\/\/fundaciosetba.org\/es\/wp-json\/wp\/v2\/posts"}],"about":[{"href":"https:\/\/fundaciosetba.org\/es\/wp-json\/wp\/v2\/types\/post"}],"author":[{"embeddable":true,"href":"https:\/\/fundaciosetba.org\/es\/wp-json\/wp\/v2\/users\/1"}],"replies":[{"embeddable":true,"href":"https:\/\/fundaciosetba.org\/es\/wp-json\/wp\/v2\/comments?post=31203"}],"version-history":[{"count":1,"href":"https:\/\/fundaciosetba.org\/es\/wp-json\/wp\/v2\/posts\/31203\/revisions"}],"predecessor-version":[{"id":31215,"href":"https:\/\/fundaciosetba.org\/es\/wp-json\/wp\/v2\/posts\/31203\/revisions\/31215"}],"wp:featuredmedia":[{"embeddable":true,"href":"https:\/\/fundaciosetba.org\/es\/wp-json\/wp\/v2\/media\/30110"}],"wp:attachment":[{"href":"https:\/\/fundaciosetba.org\/es\/wp-json\/wp\/v2\/media?parent=31203"}],"wp:term":[{"taxonomy":"category","embeddable":true,"href":"https:\/\/fundaciosetba.org\/es\/wp-json\/wp\/v2\/categories?post=31203"},{"taxonomy":"post_tag","embeddable":true,"href":"https:\/\/fundaciosetba.org\/es\/wp-json\/wp\/v2\/tags?post=31203"}],"curies":[{"name":"wp","href":"https:\/\/api.w.org\/{rel}","templated":true}]}}