{"id":31204,"date":"2021-12-01T15:44:15","date_gmt":"2021-12-01T14:44:15","guid":{"rendered":"https:\/\/fundaciosetba.org\/inauguracion-de-la-exposicion-de-magistrales-en-tarrega\/"},"modified":"2022-04-12T10:42:30","modified_gmt":"2022-04-12T09:42:30","slug":"inauguracion-de-la-exposicion-de-magistrales-en-tarrega","status":"publish","type":"post","link":"https:\/\/fundaciosetba.org\/es\/inauguracion-de-la-exposicion-de-magistrales-en-tarrega\/","title":{"rendered":"Inauguraci\u00f3n de la exposici\u00f3n de Magistrales en T\u00e0rrega"},"content":{"rendered":"<p>Esta ma\u00f1ana, <strong>en el marco del D\u00eda Internacional de las personas con Discapacidad,<\/strong> la alcaldesa de T\u00e0rrega, Alba Pijuan Vallverd\u00fa, acompa\u00f1ada de la concejala de Acci\u00f3n Social y Asociativa, Igualdad y Salud, Assumpta Pijuan, y la directora de la Fundaci\u00f3n Setba, Cristina Sampere , <strong>han inaugurado la exposici\u00f3n <em>MAGISTRALS<\/em> en la calle Joan Brossa de T\u00e0rrega.<\/strong><\/p>\n<p>La muestra es una recopilaci\u00f3n de las obras ganadoras de los diez a\u00f1os del <em>Premi Setba<\/em> , un certamen de pintura destinado a artistas con Discapacidad Intelectual (DI). Durante el acto hemos contado con la visita de representantes de las entidades del territorio, entre ellas el Grupo Alba, asociaci\u00f3n a la que pertenece Joel Garcia, artista ganador del Premio Setba 2019 por su obra <em>Tocado y hundido.<\/em><\/p>\n<p>La alcaldesa Alba Pijuan Vallverd\u00fa se ha mostrado satisfecha de que la exposici\u00f3n <em>Magistrals<\/em> haga la \u00faltima parada en T\u00e0rrega y establecer enlaces con la Fundaci\u00f3 Setba ya que \u201ccreemos en la cultura y en el arte como actividad inclusiva, una disciplina que debe poder ser accesible a todos porque es una forma de expresi\u00f3n y de transmitir sentimientos\u201d. Del mismo modo, la primera edil ha destacado &#8220;el gran trabajo que hace la Asociaci\u00f3n Alba con el proyecto &#8216;Singulars&#8217;, que fomenta la inclusi\u00f3n mediante el arte&#8221;. Por su parte, la directora de la Fundaci\u00f3n Setba, Cristina Sampere, ha agradecido el apoyo del consistorio de la capital del Urgell, el \u00fanico municipio de Lleida donde se exhibir\u00e1 la obra de los ganadores de los Premis Setba.<\/p>\n<p>El acto ha finalizado en el Teatre Ateneu de T\u00e0rrega con la presentaci\u00f3n del nuevo proyecto de la Fundaci\u00f3n Setba, un proyecto formativo para entidades que trabajan con personas con DI con el objetivo de profesionalizar sus talleres de arte. Se ha proyectado un v\u00eddeo resumen del proyecto y se ha contado con la presencia del artista que dirige este proyecto, Jaime S\u00fanico.<\/p>\n<p><strong>La exposici\u00f3n se podr\u00e1 ver hasta el 3 de enero de 2022<\/strong> en la calle Joan Brossa de T\u00e0rrega. \u00c9sta es la \u00faltima parada que la exposici\u00f3n en itinerancia MAGISTRALS har\u00e1 en Catalu\u00f1a. Su muestra se inici\u00f3 en el Palau Robert de Barcelona, continu\u00f3 por Vic y Manresa y ha escogido T\u00e0rrega para realizar la \u00faltima parada. Gracias al apoyo del Departamento de Cultura, el Ayuntamiento de T\u00e0rrega, Ramon Molinas Foundation y la empresa EGM, la Fundaci\u00f3n Setba logra su objetivo en este proyecto: <strong>homenajear y dar visibilidad a las obras de los artistas con DI.<\/strong><\/p>\n","protected":false},"excerpt":{"rendered":"<p>La muestra es una recopilaci\u00f3n de las obras ganadoras de los diez a\u00f1os del Premi Setba, un certamen de pintura destinado a artistas con Discapacidad Intelectual (DI).<\/p>\n","protected":false},"author":1,"featured_media":30071,"comment_status":"closed","ping_status":"closed","sticky":false,"template":"","format":"standard","meta":{"footnotes":""},"categories":[1237],"tags":[],"class_list":["post-31204","post","type-post","status-publish","format-standard","has-post-thumbnail","hentry","category-magistrales"],"_links":{"self":[{"href":"https:\/\/fundaciosetba.org\/es\/wp-json\/wp\/v2\/posts\/31204","targetHints":{"allow":["GET"]}}],"collection":[{"href":"https:\/\/fundaciosetba.org\/es\/wp-json\/wp\/v2\/posts"}],"about":[{"href":"https:\/\/fundaciosetba.org\/es\/wp-json\/wp\/v2\/types\/post"}],"author":[{"embeddable":true,"href":"https:\/\/fundaciosetba.org\/es\/wp-json\/wp\/v2\/users\/1"}],"replies":[{"embeddable":true,"href":"https:\/\/fundaciosetba.org\/es\/wp-json\/wp\/v2\/comments?post=31204"}],"version-history":[{"count":1,"href":"https:\/\/fundaciosetba.org\/es\/wp-json\/wp\/v2\/posts\/31204\/revisions"}],"predecessor-version":[{"id":31216,"href":"https:\/\/fundaciosetba.org\/es\/wp-json\/wp\/v2\/posts\/31204\/revisions\/31216"}],"wp:featuredmedia":[{"embeddable":true,"href":"https:\/\/fundaciosetba.org\/es\/wp-json\/wp\/v2\/media\/30071"}],"wp:attachment":[{"href":"https:\/\/fundaciosetba.org\/es\/wp-json\/wp\/v2\/media?parent=31204"}],"wp:term":[{"taxonomy":"category","embeddable":true,"href":"https:\/\/fundaciosetba.org\/es\/wp-json\/wp\/v2\/categories?post=31204"},{"taxonomy":"post_tag","embeddable":true,"href":"https:\/\/fundaciosetba.org\/es\/wp-json\/wp\/v2\/tags?post=31204"}],"curies":[{"name":"wp","href":"https:\/\/api.w.org\/{rel}","templated":true}]}}