{"id":31426,"date":"2022-05-05T15:14:52","date_gmt":"2022-05-05T14:14:52","guid":{"rendered":"https:\/\/fundaciosetba.org\/presentacion-de-brians-mujeres-invisibles-en-el-centro-penitenciario-donde-nacio-el-proyecto\/"},"modified":"2022-05-26T11:17:09","modified_gmt":"2022-05-26T10:17:09","slug":"presentacion-de-brians-mujeres-invisibles-en-el-centro-penitenciario-donde-nacio-el-proyecto","status":"publish","type":"post","link":"https:\/\/fundaciosetba.org\/es\/presentacion-de-brians-mujeres-invisibles-en-el-centro-penitenciario-donde-nacio-el-proyecto\/","title":{"rendered":"Presentaci\u00f3n de &#8216;BRIANS: mujeres invisibles&#8217; en el centro penitenciario donde naci\u00f3 el proyecto"},"content":{"rendered":"<p>El 21 de abril de 2022 se hizo la esperada entrega de fotolibros &#8216;BRIANS: mujeres invisibles&#8217; a las participantes del proyecto &#8216;Traspasando el objetivo&#8217; en el centro penitenciario Brians, aplazado por la situaci\u00f3n epidemiol\u00f3gica.<\/p>\n<p>El acto, que se celebr\u00f3 en el comedor del centro, fue recibido con gran emoci\u00f3n por parte del equipo profesional del centro y por parte de las protagonistas del fotolibro. Durante los parlamentos se homenaje\u00f3 y se puso en valor el reportaje que se encuentra en el fotolibro de Sof\u00eda Kyprisli sobre los oficios que desempe\u00f1an las mujeres en los centros penitenciarios. Para ello, Kyprisli recibi\u00f3 una mentor\u00eda a cargo de la fotoperiodista Sandra Balsells.<\/p>\n<div class=\"w-gallery fit_cover wp_gallery type_grid action_popup_image ratio_1x1 count_3\" style=\"--columns:3;--items-gap:8px;\"><div class=\"w-gallery-list\"><div class=\"w-gallery-item\"><div class=\"w-gallery-item-img\"><img loading=\"lazy\" decoding=\"async\" width=\"1920\" height=\"1280\" src=\"https:\/\/fundaciosetba.org\/wp-content\/uploads\/2022\/05\/BRIANS-presentacio_02.jpg\" class=\"attachment-full size-full\" alt=\"\" srcset=\"https:\/\/fundaciosetba.org\/wp-content\/uploads\/2022\/05\/BRIANS-presentacio_02.jpg 1920w, https:\/\/fundaciosetba.org\/wp-content\/uploads\/2022\/05\/BRIANS-presentacio_02-300x200.jpg 300w, https:\/\/fundaciosetba.org\/wp-content\/uploads\/2022\/05\/BRIANS-presentacio_02-1024x683.jpg 1024w, https:\/\/fundaciosetba.org\/wp-content\/uploads\/2022\/05\/BRIANS-presentacio_02-150x100.jpg 150w, https:\/\/fundaciosetba.org\/wp-content\/uploads\/2022\/05\/BRIANS-presentacio_02-600x400.jpg 600w\" sizes=\"auto, (max-width: 1920px) 100vw, 1920px\" \/><\/div><div class=\"w-gallery-item-meta\"><div class=\"w-gallery-item-title\">\u00a9 Laura G\u00e1lvez-Rhein<\/div><\/div><a class=\"w-gallery-item-link\" aria-label=\"\u00a9 Laura G\u00e1lvez-Rhein\" href=\"https:\/\/fundaciosetba.org\/wp-content\/uploads\/2022\/05\/BRIANS-presentacio_02.jpg\" title=\"\u00a9 Laura G\u00e1lvez-Rhein\"><\/a><\/div><div class=\"w-gallery-item\"><div class=\"w-gallery-item-img\"><img loading=\"lazy\" decoding=\"async\" width=\"1920\" height=\"1281\" src=\"https:\/\/fundaciosetba.org\/wp-content\/uploads\/2022\/05\/BRIANS-presentacio_05.jpg\" class=\"attachment-full size-full\" alt=\"\" srcset=\"https:\/\/fundaciosetba.org\/wp-content\/uploads\/2022\/05\/BRIANS-presentacio_05.jpg 1920w, https:\/\/fundaciosetba.org\/wp-content\/uploads\/2022\/05\/BRIANS-presentacio_05-300x200.jpg 300w, https:\/\/fundaciosetba.org\/wp-content\/uploads\/2022\/05\/BRIANS-presentacio_05-1024x683.jpg 1024w, https:\/\/fundaciosetba.org\/wp-content\/uploads\/2022\/05\/BRIANS-presentacio_05-150x100.jpg 150w, https:\/\/fundaciosetba.org\/wp-content\/uploads\/2022\/05\/BRIANS-presentacio_05-600x400.jpg 600w\" sizes=\"auto, (max-width: 1920px) 100vw, 1920px\" \/><\/div><div class=\"w-gallery-item-meta\"><div class=\"w-gallery-item-title\">\u00a9 Laura G\u00e1lvez-Rhein<\/div><\/div><a class=\"w-gallery-item-link\" aria-label=\"\u00a9 Laura G\u00e1lvez-Rhein\" href=\"https:\/\/fundaciosetba.org\/wp-content\/uploads\/2022\/05\/BRIANS-presentacio_05.jpg\" title=\"\u00a9 Laura G\u00e1lvez-Rhein\"><\/a><\/div><div class=\"w-gallery-item\"><div class=\"w-gallery-item-img\"><img loading=\"lazy\" decoding=\"async\" width=\"1920\" height=\"1282\" src=\"https:\/\/fundaciosetba.org\/wp-content\/uploads\/2022\/05\/BRIANS-presentacio_08.jpg\" class=\"attachment-full size-full\" alt=\"\" srcset=\"https:\/\/fundaciosetba.org\/wp-content\/uploads\/2022\/05\/BRIANS-presentacio_08.jpg 1920w, https:\/\/fundaciosetba.org\/wp-content\/uploads\/2022\/05\/BRIANS-presentacio_08-300x200.jpg 300w, https:\/\/fundaciosetba.org\/wp-content\/uploads\/2022\/05\/BRIANS-presentacio_08-1024x684.jpg 1024w, https:\/\/fundaciosetba.org\/wp-content\/uploads\/2022\/05\/BRIANS-presentacio_08-150x100.jpg 150w, https:\/\/fundaciosetba.org\/wp-content\/uploads\/2022\/05\/BRIANS-presentacio_08-600x401.jpg 600w\" sizes=\"auto, (max-width: 1920px) 100vw, 1920px\" \/><\/div><div class=\"w-gallery-item-meta\"><div class=\"w-gallery-item-title\">\u00a9 Laura G\u00e1lvez-Rhein<\/div><\/div><a class=\"w-gallery-item-link\" aria-label=\"\u00a9 Laura G\u00e1lvez-Rhein\" href=\"https:\/\/fundaciosetba.org\/wp-content\/uploads\/2022\/05\/BRIANS-presentacio_08.jpg\" title=\"\u00a9 Laura G\u00e1lvez-Rhein\"><\/a><\/div><\/div><\/div>\n<p>La siguiente presentaci\u00f3n tendr\u00e1 lugar en la Pigment Gallery, en el marco de la exposici\u00f3n &#8216;ReBeladas&#8217; de la artista y coautora del fotolibro Marta F\u00e0bregas, el pr\u00f3ximo 7 de mayo a las 12 h.<\/p>\n<p>El fotolibro se puede encontrar <a href=\"http:\/\/www.fundaciosetba.org\">en nuestra p\u00e1gina web<\/a> , en la p\u00e1gina <a href=\"http:\/\/www.luminicfestival.com\">web de la editorial Lum\u00ednic<\/a> y en diferentes librer\u00edas de Barcelona: Laie CCCB, KBr by Juan Naranjo, librer\u00eda Finestres y Fotocolectania.<\/p>\n","protected":false},"excerpt":{"rendered":"<p>El 21 de abril de 2022 se hizo la esperada entrega de los fotolibros &#8216;BRIANS: mujeres invisibles&#8217; a las participantes del proyecto &#8216;Traspassant el objectivo&#8217; en el centro penitenciario Brians.<\/p>\n","protected":false},"author":1,"featured_media":31412,"comment_status":"closed","ping_status":"closed","sticky":false,"template":"","format":"standard","meta":{"footnotes":""},"categories":[1350],"tags":[],"class_list":["post-31426","post","type-post","status-publish","format-standard","has-post-thumbnail","hentry","category-traspasando-el-objetivo-es"],"_links":{"self":[{"href":"https:\/\/fundaciosetba.org\/es\/wp-json\/wp\/v2\/posts\/31426","targetHints":{"allow":["GET"]}}],"collection":[{"href":"https:\/\/fundaciosetba.org\/es\/wp-json\/wp\/v2\/posts"}],"about":[{"href":"https:\/\/fundaciosetba.org\/es\/wp-json\/wp\/v2\/types\/post"}],"author":[{"embeddable":true,"href":"https:\/\/fundaciosetba.org\/es\/wp-json\/wp\/v2\/users\/1"}],"replies":[{"embeddable":true,"href":"https:\/\/fundaciosetba.org\/es\/wp-json\/wp\/v2\/comments?post=31426"}],"version-history":[{"count":1,"href":"https:\/\/fundaciosetba.org\/es\/wp-json\/wp\/v2\/posts\/31426\/revisions"}],"predecessor-version":[{"id":31428,"href":"https:\/\/fundaciosetba.org\/es\/wp-json\/wp\/v2\/posts\/31426\/revisions\/31428"}],"wp:featuredmedia":[{"embeddable":true,"href":"https:\/\/fundaciosetba.org\/es\/wp-json\/wp\/v2\/media\/31412"}],"wp:attachment":[{"href":"https:\/\/fundaciosetba.org\/es\/wp-json\/wp\/v2\/media?parent=31426"}],"wp:term":[{"taxonomy":"category","embeddable":true,"href":"https:\/\/fundaciosetba.org\/es\/wp-json\/wp\/v2\/categories?post=31426"},{"taxonomy":"post_tag","embeddable":true,"href":"https:\/\/fundaciosetba.org\/es\/wp-json\/wp\/v2\/tags?post=31426"}],"curies":[{"name":"wp","href":"https:\/\/api.w.org\/{rel}","templated":true}]}}