{"id":31496,"date":"2022-05-10T10:56:19","date_gmt":"2022-05-10T09:56:19","guid":{"rendered":"https:\/\/fundaciosetba.org\/presentacion-de-brians-mujeres-invisibles-en-el-marco-de-la-exposicion-rebeladas-de-marta-fabregas\/"},"modified":"2022-05-26T11:19:45","modified_gmt":"2022-05-26T10:19:45","slug":"presentacion-de-brians-mujeres-invisibles-en-el-marco-de-la-exposicion-rebeladas-de-marta-fabregas","status":"publish","type":"post","link":"https:\/\/fundaciosetba.org\/es\/presentacion-de-brians-mujeres-invisibles-en-el-marco-de-la-exposicion-rebeladas-de-marta-fabregas\/","title":{"rendered":"Presentaci\u00f3n de &#8216;BRIANS: mujeres invisibles&#8217; en el marco de la exposici\u00f3n \u2018ReBeladas\u2019 de Marta F\u00e0bregas"},"content":{"rendered":"<p>Desde el 19 de marzo hasta el 19 de mayo la galer\u00eda Pigment Gallery de Barcelona ha acogido la exposici\u00f3n \u2018ReBeladas\u2019 de Marta F\u00e0bregas, tambi\u00e9n coautora del fotolibro <em>BRIANS: mujeres invisibles<\/em>. Sus obras consisten en recuperar fotograf\u00edas de archivo del siglo XIX e inicios del XX en las que se retrataron mujeres con una finalidad etnol\u00f3gica, e intervenirlas a trav\u00e9s de una t\u00e9cnica original. De esta manera, les atribuye un nuevo significado, devolvi\u00e9ndoles una identidad perdida u olvidada y su libertad. Es por ello que, el nombre de la exposici\u00f3n \u201cReBeladas\u201d, re\u00fane a las mujeres representadas en las obras de F\u00e0bregas en un acto de rebeli\u00f3n o de liberaci\u00f3n, que, al mismo tiempo, juega con el concepto del revelado fotogr\u00e1fico asociado a la fotograf\u00eda anal\u00f3gica.<\/p>\n<p>En el marco de la Pigment Gallery i la exposici\u00f3n de Marta F\u00e0bregas, el s\u00e1bado 7 de mayo ha tenido lugar la quinta presentaci\u00f3n de <em>BRIANS: mujeres invisibles.<\/em> El acto estuvo presentado por Ferran Josa, director de la galer\u00eda. Durante la presentaci\u00f3n, las coautoras Laura G\u00e1lvez-Rhein, Camila Oliveira y la misma Marta signaron algunos ejemplares. Entre los visitantes tuvimos el privilegio de contar con la presencia de Dolors Bassa, ex diputada del Parlamento de Catalu\u00f1a y ex compa\u00f1era de Camila en el centro penitenciario Puig de les Basses.<\/p>\n<p>La pr\u00f3xima presentaci\u00f3n tendr\u00e1 lugar en el marco del Lum\u00ednic Festival, el festival de fotograf\u00eda de Sant Cugat el 10 de junio en la Biblioteca Gabriel Ferrater (Av.Pla del Vinyet, 40, Sant Cugat del Vall\u00e8s). Este acto empezar\u00e1 a las 18:30 con la encartelada de las fotograf\u00edas de Camila Oliveira, que se exhibir\u00e1n en el Festival, en los muros de la Biblioteca Gabriel Ferrater. Posteriormente, a las 20 h tendr\u00e1 lugar la presentaci\u00f3n del fotolibro en el interior del recinto.<\/p>\n<p>Actualmente, el fotolibro se puede encontrar en nuestra p\u00e1gina web (<a href=\"http:\/\/www.fundaciosetba.org\">www.fundaciosetba.org<\/a>), en la p\u00e1gina web de la editorial Lum\u00ednic (<a href=\"http:\/\/www.luminicfestival.com\">www.luminicfestival.com<\/a>) y en diferentes librer\u00edas de Barcelona: Laie CCCB, KBr by Juan Naranjo, Finestres y Fotocolectania.<\/p>\n","protected":false},"excerpt":{"rendered":"<p>En el marco de la Pigment Gallery i la exposici\u00f3n de Marta F\u00e0bregas, el s\u00e1bado 7 de mayo ha tenido lugar la quinta presentaci\u00f3n de &#8216;BRIANS: mujeres invisibles&#8217;.<\/p>\n","protected":false},"author":1,"featured_media":31494,"comment_status":"closed","ping_status":"closed","sticky":false,"template":"","format":"standard","meta":{"footnotes":""},"categories":[1350],"tags":[],"class_list":["post-31496","post","type-post","status-publish","format-standard","has-post-thumbnail","hentry","category-traspasando-el-objetivo-es"],"_links":{"self":[{"href":"https:\/\/fundaciosetba.org\/es\/wp-json\/wp\/v2\/posts\/31496","targetHints":{"allow":["GET"]}}],"collection":[{"href":"https:\/\/fundaciosetba.org\/es\/wp-json\/wp\/v2\/posts"}],"about":[{"href":"https:\/\/fundaciosetba.org\/es\/wp-json\/wp\/v2\/types\/post"}],"author":[{"embeddable":true,"href":"https:\/\/fundaciosetba.org\/es\/wp-json\/wp\/v2\/users\/1"}],"replies":[{"embeddable":true,"href":"https:\/\/fundaciosetba.org\/es\/wp-json\/wp\/v2\/comments?post=31496"}],"version-history":[{"count":1,"href":"https:\/\/fundaciosetba.org\/es\/wp-json\/wp\/v2\/posts\/31496\/revisions"}],"predecessor-version":[{"id":31501,"href":"https:\/\/fundaciosetba.org\/es\/wp-json\/wp\/v2\/posts\/31496\/revisions\/31501"}],"wp:featuredmedia":[{"embeddable":true,"href":"https:\/\/fundaciosetba.org\/es\/wp-json\/wp\/v2\/media\/31494"}],"wp:attachment":[{"href":"https:\/\/fundaciosetba.org\/es\/wp-json\/wp\/v2\/media?parent=31496"}],"wp:term":[{"taxonomy":"category","embeddable":true,"href":"https:\/\/fundaciosetba.org\/es\/wp-json\/wp\/v2\/categories?post=31496"},{"taxonomy":"post_tag","embeddable":true,"href":"https:\/\/fundaciosetba.org\/es\/wp-json\/wp\/v2\/tags?post=31496"}],"curies":[{"name":"wp","href":"https:\/\/api.w.org\/{rel}","templated":true}]}}