{"id":31511,"date":"2022-05-30T09:33:07","date_gmt":"2022-05-30T08:33:07","guid":{"rendered":"https:\/\/fundaciosetba.org\/laura-klamburg-sera-la-directora-artistica-del-proyecto-magistrales-de-este-ano\/"},"modified":"2022-05-30T09:54:44","modified_gmt":"2022-05-30T08:54:44","slug":"laura-klamburg-sera-la-directora-artistica-del-proyecto-magistrales-de-este-ano","status":"publish","type":"post","link":"https:\/\/fundaciosetba.org\/es\/laura-klamburg-sera-la-directora-artistica-del-proyecto-magistrales-de-este-ano\/","title":{"rendered":"Laura Klamburg ser\u00e1 la directora art\u00edstica del proyecto Magistrales de este a\u00f1o"},"content":{"rendered":"<p>La ilustradora y dise\u00f1adora Laura Klamburg ser\u00e1 la encargada de dirigir la nueva edici\u00f3n del proyecto de formaci\u00f3n art\u00edstica audiovisual <em>Magistrales<\/em>.<\/p>\n<p><em>Magistrales<\/em> es un proyecto destinado a aquellas entidades del sector de la discapacidad que quieran mejorar sus talleres de arte. <strong>Este a\u00f1o la formaci\u00f3n est\u00e1 dedicada a la aplicaci\u00f3n de los colores como forma de expresi\u00f3n de las emociones.<\/strong> Para hacerlo se crearan dos c\u00e1psulas de v\u00eddeo. En la primera, que ya se ha grabado, habr\u00e1 la formaci\u00f3n y se pedir\u00e1 la actividad a realizar y en la segunda, que se grabar\u00e1 en septiembre, se dar\u00e1 una valoraci\u00f3n de la actividad ya realizada por parte de las entidades beneficiarias del proyecto.<\/p>\n<p>Las entidades beneficiarias de este a\u00f1o han sido la <strong>Fundaci\u00f3n Privada ASPRONIS, la Fundaci\u00f3n Arc de Sant Mart\u00ed, la Fundaci\u00f3n Privada Vall\u00e8s Oriental, el C.O. de la Fundaci\u00f3n Ram\u00f3n Noguera, la Fundaci\u00f3n Creactiva Catalonia y la Fundaci\u00f3n Maresme<\/strong>.<\/p>\n<p>Laura Klamburg estudi\u00f3 dise\u00f1o gr\u00e1fico en la escuela Eina donde tuvo de maestros a los grandes profesionales de los 80s. Al acabar sus estudios march\u00f3 a Nueva York para ampliar sus conocimientos profesionales y se enamor\u00f3 de la ciudad y su m\u00e9todo de trabajo. Acab\u00f3 qued\u00e1ndose en Norteam\u00e9rica 11 a\u00f1os, entre Nueva York, Los Angeles y Toronto, especializ\u00e1ndose en direcci\u00f3n de arte y dise\u00f1o editorial. Durante esa \u00e9poca gan\u00f3 una beca de la Generalitat de Catalunya para estudios en el extranjero y un Creativity88 Award como Associate Art Director.<\/p>\n<p>En el 2000 volvi\u00f3 a Barcelona para reconectar con la familia, ciudad y cultura y a\u00f1adi\u00f3 a su curr\u00edculum la docencia, dando clases de dise\u00f1o en Eina, Idep y Bau durante 15 a\u00f1os. En Bau imparti\u00f3 durante 8 a\u00f1os el Posgrado de Dise\u00f1o Editorial.<\/p>\n<p>Ha colaborado y es autora de varios libros ilustrados, publicados por editoriales como RBA, Edeb\u00e9, Random House Mondadori y Edicions Bellaterra.<\/p>\n<p>Su inquietud en ambos mundos, la ilustraci\u00f3n y el dise\u00f1o gr\u00e1fico, la ha llevado a participar tanto en proyectos de dise\u00f1o en la Primavera Fotogr\u00e1fica, Arts Santa M\u00f3nica o el Hub, como en mercados de ilustraci\u00f3n en Utopia Market y el Flic Festival.<\/p>\n<p>Es miembro de APIC, Asociaci\u00f3n Profesional de iIustradores de Catalunya y ha sido miembro del jurado de los \u201cPremios Nacionales de Ilustraci\u00f3n\u201d.<\/p>\n<p>Su amor por la naturaleza la ha llevado a vivir por Collserola, las monta\u00f1as de Barcelona. En la actualidad compagina dise\u00f1o gr\u00e1fico e ilustraci\u00f3n, con talleres de ilustraci\u00f3n y dibujo de naturaleza o ruralsketching.<\/p>\n<p>Este proyecto recibe el patrocinio de Capital Care, Bizcabar Servicios Inmobiliarios y la colaboraci\u00f3n de Barna Art, Bardinet, Galeries d\u2019Art de Catalunya, Dincat, El Museu del FC Barcelona, Fundaci\u00f3 \u201cla Caixa\u201d, La Casa de Carlota y Pinturas MIR.<\/p>\n","protected":false},"excerpt":{"rendered":"<p>La ilustradora y dise\u00f1adora Laura Klamburg ser\u00e1 la encargada de dirigir la nueva edici\u00f3n del proyecto de formaci\u00f3n art\u00edstica audiovisual Magistrales.<\/p>\n","protected":false},"author":1,"featured_media":31508,"comment_status":"closed","ping_status":"closed","sticky":false,"template":"","format":"standard","meta":{"footnotes":""},"categories":[1352],"tags":[],"class_list":["post-31511","post","type-post","status-publish","format-standard","has-post-thumbnail","hentry","category-magistrales-es"],"_links":{"self":[{"href":"https:\/\/fundaciosetba.org\/es\/wp-json\/wp\/v2\/posts\/31511","targetHints":{"allow":["GET"]}}],"collection":[{"href":"https:\/\/fundaciosetba.org\/es\/wp-json\/wp\/v2\/posts"}],"about":[{"href":"https:\/\/fundaciosetba.org\/es\/wp-json\/wp\/v2\/types\/post"}],"author":[{"embeddable":true,"href":"https:\/\/fundaciosetba.org\/es\/wp-json\/wp\/v2\/users\/1"}],"replies":[{"embeddable":true,"href":"https:\/\/fundaciosetba.org\/es\/wp-json\/wp\/v2\/comments?post=31511"}],"version-history":[{"count":1,"href":"https:\/\/fundaciosetba.org\/es\/wp-json\/wp\/v2\/posts\/31511\/revisions"}],"predecessor-version":[{"id":31512,"href":"https:\/\/fundaciosetba.org\/es\/wp-json\/wp\/v2\/posts\/31511\/revisions\/31512"}],"wp:featuredmedia":[{"embeddable":true,"href":"https:\/\/fundaciosetba.org\/es\/wp-json\/wp\/v2\/media\/31508"}],"wp:attachment":[{"href":"https:\/\/fundaciosetba.org\/es\/wp-json\/wp\/v2\/media?parent=31511"}],"wp:term":[{"taxonomy":"category","embeddable":true,"href":"https:\/\/fundaciosetba.org\/es\/wp-json\/wp\/v2\/categories?post=31511"},{"taxonomy":"post_tag","embeddable":true,"href":"https:\/\/fundaciosetba.org\/es\/wp-json\/wp\/v2\/tags?post=31511"}],"curies":[{"name":"wp","href":"https:\/\/api.w.org\/{rel}","templated":true}]}}