{"id":31564,"date":"2022-06-02T15:52:39","date_gmt":"2022-06-02T14:52:39","guid":{"rendered":"https:\/\/fundaciosetba.org\/cinco-gerundenses-protagonistas-del-muro-del-centro-montilivi-por-traspasando-muros\/"},"modified":"2022-07-01T12:46:14","modified_gmt":"2022-07-01T11:46:14","slug":"cinco-gerundenses-protagonistas-del-muro-del-centro-montilivi-por-traspasando-muros","status":"publish","type":"post","link":"https:\/\/fundaciosetba.org\/es\/cinco-gerundenses-protagonistas-del-muro-del-centro-montilivi-por-traspasando-muros\/","title":{"rendered":"Cinco gerundenses protagonistas del muro del centro Montilivi por &#8216;Traspasando muros&#8217;"},"content":{"rendered":"<p>La Fundaci\u00f3n Setba lleva su proyecto de arte comunitario <em>Traspasando Muros<\/em> en el Centro Educativo de Justicia Juvenil Montilivi. Este proyecto tiene por objetivo <strong>transformar art\u00edsticamente uno de los muros interiores del centro<\/strong> , bajo la direcci\u00f3n del artista urbano RICE y con la colaboraci\u00f3n de alumnos de escuelas de arte de Girona. Concretamente de la escuela de arte de Olot y de la Universidad de Girona.<\/p>\n<p><strong>La t\u00e9cnica empleada para representar a los personajes en el muro es el stencil, t\u00e9cnica de pintar con plantillas, popularizada en los \u00faltimos a\u00f1os por el artista Banksy.<\/strong> En la plantilla se recorta el dibujo, se apoya contra una superficie y se aplica la pintura con sprays. Para el fondo se ha utilizado la t\u00e9cnica libre utilizando diferentes herramientas: pintura pl\u00e1stica, rodillos, pinceles, brochas&#8230; El objetivo ha sido conseguir que los personajes pintados con las plantillas destaquen sobre el fondo abstracto.<\/p>\n<div class=\"w-gallery fit_cover wp_gallery type_grid action_popup_image ratio_1x1 count_3\" style=\"--columns:3;--items-gap:8px;\"><div class=\"w-gallery-list\"><div class=\"w-gallery-item\"><div class=\"w-gallery-item-img\"><img loading=\"lazy\" decoding=\"async\" width=\"150\" height=\"150\" src=\"https:\/\/fundaciosetba.org\/wp-content\/uploads\/2022\/06\/2022-06-01_Cloenda-Traspassant-Murs-MONTILIVI_SETBA_02-150x150.jpg\" class=\"attachment-thumbnail size-thumbnail\" alt=\"\" srcset=\"https:\/\/fundaciosetba.org\/wp-content\/uploads\/2022\/06\/2022-06-01_Cloenda-Traspassant-Murs-MONTILIVI_SETBA_02-150x150.jpg 150w, https:\/\/fundaciosetba.org\/wp-content\/uploads\/2022\/06\/2022-06-01_Cloenda-Traspassant-Murs-MONTILIVI_SETBA_02-300x300.jpg 300w\" sizes=\"auto, (max-width: 150px) 100vw, 150px\" \/><\/div><a class=\"w-gallery-item-link\" aria-label=\"Martina Puigvert \u00a9 Laura G\u00e1lvez-Rhein\" href=\"https:\/\/fundaciosetba.org\/wp-content\/uploads\/2022\/06\/2022-06-01_Cloenda-Traspassant-Murs-MONTILIVI_SETBA_02.jpg\" title=\"Martina Puigvert \u00a9 Laura G\u00e1lvez-Rhein\"><\/a><\/div><div class=\"w-gallery-item\"><div class=\"w-gallery-item-img\"><img loading=\"lazy\" decoding=\"async\" width=\"150\" height=\"150\" src=\"https:\/\/fundaciosetba.org\/wp-content\/uploads\/2022\/06\/2022-06-01_Cloenda-Traspassant-Murs-MONTILIVI_SETBA_03-150x150.jpg\" class=\"attachment-thumbnail size-thumbnail\" alt=\"\" srcset=\"https:\/\/fundaciosetba.org\/wp-content\/uploads\/2022\/06\/2022-06-01_Cloenda-Traspassant-Murs-MONTILIVI_SETBA_03-150x150.jpg 150w, https:\/\/fundaciosetba.org\/wp-content\/uploads\/2022\/06\/2022-06-01_Cloenda-Traspassant-Murs-MONTILIVI_SETBA_03-300x300.jpg 300w\" sizes=\"auto, (max-width: 150px) 100vw, 150px\" \/><\/div><a class=\"w-gallery-item-link\" aria-label=\"Mohamed El Amrani \u00a9 Laura G\u00e1lvez-Rhein\" href=\"https:\/\/fundaciosetba.org\/wp-content\/uploads\/2022\/06\/2022-06-01_Cloenda-Traspassant-Murs-MONTILIVI_SETBA_03.jpg\" title=\"Mohamed El Amrani \u00a9 Laura G\u00e1lvez-Rhein\"><\/a><\/div><div class=\"w-gallery-item\"><div class=\"w-gallery-item-img\"><img loading=\"lazy\" decoding=\"async\" width=\"150\" height=\"150\" src=\"https:\/\/fundaciosetba.org\/wp-content\/uploads\/2022\/06\/2022-06-01_Cloenda-Traspassant-Murs-MONTILIVI_SETBA_11-150x150.jpg\" class=\"attachment-thumbnail size-thumbnail\" alt=\"\" srcset=\"https:\/\/fundaciosetba.org\/wp-content\/uploads\/2022\/06\/2022-06-01_Cloenda-Traspassant-Murs-MONTILIVI_SETBA_11-150x150.jpg 150w, https:\/\/fundaciosetba.org\/wp-content\/uploads\/2022\/06\/2022-06-01_Cloenda-Traspassant-Murs-MONTILIVI_SETBA_11-300x300.jpg 300w\" sizes=\"auto, (max-width: 150px) 100vw, 150px\" \/><\/div><a class=\"w-gallery-item-link\" aria-label=\"Martina y Mohamed con el artista RICE\u00a9 Laura G\u00e1lvez-Rhein\" href=\"https:\/\/fundaciosetba.org\/wp-content\/uploads\/2022\/06\/2022-06-01_Cloenda-Traspassant-Murs-MONTILIVI_SETBA_11.jpg\" title=\"Martina y Mohamed con el artista RICE\u00a9 Laura G\u00e1lvez-Rhein\"><\/a><\/div><\/div><\/div>\n<p>Los protagonistas del mural han sido diferentes personajes gerundenses de referencia, visibilizando a profesionales que destacan en su trabajo y descubriendo la historia de superaci\u00f3n que se esconde detr\u00e1s. Con este proyecto hemos querido que los j\u00f3venes del Centro Montilivi conozcan historias de empoderamiento y superaci\u00f3n a trav\u00e9s de figuras locales del mundo del deporte, cultura, cocina, etc. Personajes donde poder reflejarse y que los j\u00f3venes sientan el inter\u00e9s que han despertado en ellos:<\/p>\n<p><strong>Ibrahim Keb\u00e9<\/strong> , jugador del F\u00fatbol Club Girona: Naci\u00f3 en Mal\u00ed y acaba de cumplir 21 a\u00f1os. Lleg\u00f3 al Girona FC en febrero de 2019 en edad todav\u00eda juvenil y se convirti\u00f3 pronto en un fijo en el filial rojiblanco.<\/p>\n<p><strong>Mohamed El Amrani<\/strong> , nacido en Xauen en 1992, vive desde los 3 a\u00f1os en Roses. Es un emprendedor, comunicador y activista social. En 2009, con s\u00f3lo 17 a\u00f1os, cre\u00f3 la Red de convivencia, una plataforma social que quiere revolucionar la forma de entender la convivencia y la cohesi\u00f3n social y que apuesta por generar nuevos referentes entre los j\u00f3venes musulmanes catalanes.<\/p>\n<p><strong>Carles Sanjos\u00e9<\/strong> , m\u00e1s conocido por el nombre art\u00edstico Sanjosex, (la Bisbal d&#8217;Empord\u00e0, 1977) es m\u00fasico y arquitecto.<\/p>\n<p><strong>Jennifer Pareja<\/strong> , (Olot, 1984) es una jugadora de waterpolo, actualmente retirada. Reconocida como mejor jugadora del Mundo por la Federaci\u00f3n Internacional de Nataci\u00f3n y de Europa por la Liga europea de Nataci\u00f3n en 2013, es considerada como una de las mejores waterpolistas de la historia.<\/p>\n<p><strong>Martina Puigvert<\/strong> , nacida en Olot, hace 27 a\u00f1os, es la jefa de cocina del restaurante Les Cols (2 estrellas Michelin), negocio que fund\u00f3 su madre Fina Puigdevall y en el que trabaja toda la familia.<\/p>\n<p>Durante el acto los j\u00f3venes participantes en el proyecto han firmado la obra como coautores y han recibido los diplomas de participaci\u00f3n. Por \u00faltimo han intervenido Martina Puigvert, Mohamed El Amrani y Susagna Roura i Pujols, directora general de Ejecuci\u00f3n Penal en la Comunidad y de Justicia Juvenil.<\/p>\n<p><img loading=\"lazy\" decoding=\"async\" class=\"alignnone wp-image-31523 size-large\" src=\"https:\/\/fundaciosetba.org\/wp-content\/uploads\/2022\/06\/2022-06-01_Cloenda-Traspassant-Murs-MONTILIVI_SETBA_04-1024x684.jpg\" alt=\"\" width=\"1024\" height=\"684\" srcset=\"https:\/\/fundaciosetba.org\/wp-content\/uploads\/2022\/06\/2022-06-01_Cloenda-Traspassant-Murs-MONTILIVI_SETBA_04-1024x684.jpg 1024w, https:\/\/fundaciosetba.org\/wp-content\/uploads\/2022\/06\/2022-06-01_Cloenda-Traspassant-Murs-MONTILIVI_SETBA_04-300x200.jpg 300w, https:\/\/fundaciosetba.org\/wp-content\/uploads\/2022\/06\/2022-06-01_Cloenda-Traspassant-Murs-MONTILIVI_SETBA_04-150x100.jpg 150w, https:\/\/fundaciosetba.org\/wp-content\/uploads\/2022\/06\/2022-06-01_Cloenda-Traspassant-Murs-MONTILIVI_SETBA_04-600x401.jpg 600w, https:\/\/fundaciosetba.org\/wp-content\/uploads\/2022\/06\/2022-06-01_Cloenda-Traspassant-Murs-MONTILIVI_SETBA_04.jpg 1920w\" sizes=\"auto, (max-width: 1024px) 100vw, 1024px\" \/><\/p>\n<p>Traspasando muros se lleva a cabo desde 2018 y durante los pr\u00f3ximos a\u00f1os\u00a0se ir\u00e1 replicando en todos los Centros Educativos de Justicia Juvenil de Catalu\u00f1a con el apoyo del Departamento de Justicia de la Generalitat de Catalu\u00f1a, con quien la Fundaci\u00f3n Setba ha firmado un acuerdo a fecha septiembre de 2020.<\/p>\n<p>Este proyecto recibe el patrocinio de Bizcabar Servicios Inmobiliarios y la Obra Social \u201cla Caixa\u201d, la colaboraci\u00f3n del Departamento de Justicia, Cementos Molins, Montana Colors y Pinturas Lepanto, y el apoyo de B-MURALS Centro de Arte Urbano, Escuela de Arte de Olot y la Universidad de Girona.<\/p>\n<p>Fotograf\u00edas del proceso de creaci\u00f3n:<\/p>\n<div class=\"w-gallery fit_cover wp_gallery type_grid action_popup_image ratio_1x1 count_6\" style=\"--columns:3;--items-gap:8px;\"><div class=\"w-gallery-list\"><div class=\"w-gallery-item\"><div class=\"w-gallery-item-img\"><img loading=\"lazy\" decoding=\"async\" width=\"150\" height=\"150\" src=\"https:\/\/fundaciosetba.org\/wp-content\/uploads\/2022\/06\/2022-05_Traspassant-Murs_SETBA_04-150x150.jpg\" class=\"attachment-thumbnail size-thumbnail\" alt=\"\" srcset=\"https:\/\/fundaciosetba.org\/wp-content\/uploads\/2022\/06\/2022-05_Traspassant-Murs_SETBA_04-150x150.jpg 150w, https:\/\/fundaciosetba.org\/wp-content\/uploads\/2022\/06\/2022-05_Traspassant-Murs_SETBA_04-300x300.jpg 300w\" sizes=\"auto, (max-width: 150px) 100vw, 150px\" \/><\/div><a class=\"w-gallery-item-link\" aria-label=\"\u00a9 Laura G\u00e1lvez-Rhein\" href=\"https:\/\/fundaciosetba.org\/wp-content\/uploads\/2022\/06\/2022-05_Traspassant-Murs_SETBA_04.jpg\" title=\"\u00a9 Laura G\u00e1lvez-Rhein\"><\/a><\/div><div class=\"w-gallery-item\"><div class=\"w-gallery-item-img\"><img loading=\"lazy\" decoding=\"async\" width=\"150\" height=\"150\" src=\"https:\/\/fundaciosetba.org\/wp-content\/uploads\/2022\/06\/2022-05_Traspassant-Murs_SETBA_31-150x150.jpg\" class=\"attachment-thumbnail size-thumbnail\" alt=\"\" srcset=\"https:\/\/fundaciosetba.org\/wp-content\/uploads\/2022\/06\/2022-05_Traspassant-Murs_SETBA_31-150x150.jpg 150w, https:\/\/fundaciosetba.org\/wp-content\/uploads\/2022\/06\/2022-05_Traspassant-Murs_SETBA_31-300x300.jpg 300w\" sizes=\"auto, (max-width: 150px) 100vw, 150px\" \/><\/div><a class=\"w-gallery-item-link\" aria-label=\"\u00a9 Laura G\u00e1lvez-Rhein\" href=\"https:\/\/fundaciosetba.org\/wp-content\/uploads\/2022\/06\/2022-05_Traspassant-Murs_SETBA_31.jpg\" title=\"\u00a9 Laura G\u00e1lvez-Rhein\"><\/a><\/div><div class=\"w-gallery-item\"><div class=\"w-gallery-item-img\"><img loading=\"lazy\" decoding=\"async\" width=\"150\" height=\"150\" src=\"https:\/\/fundaciosetba.org\/wp-content\/uploads\/2022\/06\/2022-05_Traspassant-Murs_SETBA_39-150x150.jpg\" class=\"attachment-thumbnail size-thumbnail\" alt=\"\" srcset=\"https:\/\/fundaciosetba.org\/wp-content\/uploads\/2022\/06\/2022-05_Traspassant-Murs_SETBA_39-150x150.jpg 150w, https:\/\/fundaciosetba.org\/wp-content\/uploads\/2022\/06\/2022-05_Traspassant-Murs_SETBA_39-300x300.jpg 300w\" sizes=\"auto, (max-width: 150px) 100vw, 150px\" \/><\/div><a class=\"w-gallery-item-link\" aria-label=\"\u00a9 Laura G\u00e1lvez-Rhein\" href=\"https:\/\/fundaciosetba.org\/wp-content\/uploads\/2022\/06\/2022-05_Traspassant-Murs_SETBA_39.jpg\" title=\"\u00a9 Laura G\u00e1lvez-Rhein\"><\/a><\/div><div class=\"w-gallery-item\"><div class=\"w-gallery-item-img\"><img loading=\"lazy\" decoding=\"async\" width=\"150\" height=\"150\" src=\"https:\/\/fundaciosetba.org\/wp-content\/uploads\/2022\/06\/2022-05_Traspassant-Murs_SETBA_44-150x150.jpg\" class=\"attachment-thumbnail size-thumbnail\" alt=\"\" srcset=\"https:\/\/fundaciosetba.org\/wp-content\/uploads\/2022\/06\/2022-05_Traspassant-Murs_SETBA_44-150x150.jpg 150w, https:\/\/fundaciosetba.org\/wp-content\/uploads\/2022\/06\/2022-05_Traspassant-Murs_SETBA_44-300x300.jpg 300w\" sizes=\"auto, (max-width: 150px) 100vw, 150px\" \/><\/div><a class=\"w-gallery-item-link\" aria-label=\"\u00a9 Laura G\u00e1lvez-Rhein\" href=\"https:\/\/fundaciosetba.org\/wp-content\/uploads\/2022\/06\/2022-05_Traspassant-Murs_SETBA_44.jpg\" title=\"\u00a9 Laura G\u00e1lvez-Rhein\"><\/a><\/div><div class=\"w-gallery-item\"><div class=\"w-gallery-item-img\"><img loading=\"lazy\" decoding=\"async\" width=\"150\" height=\"150\" src=\"https:\/\/fundaciosetba.org\/wp-content\/uploads\/2022\/06\/2022-05_Traspassant-Murs_SETBA_65-150x150.jpg\" class=\"attachment-thumbnail size-thumbnail\" alt=\"\" srcset=\"https:\/\/fundaciosetba.org\/wp-content\/uploads\/2022\/06\/2022-05_Traspassant-Murs_SETBA_65-150x150.jpg 150w, https:\/\/fundaciosetba.org\/wp-content\/uploads\/2022\/06\/2022-05_Traspassant-Murs_SETBA_65-300x300.jpg 300w\" sizes=\"auto, (max-width: 150px) 100vw, 150px\" \/><\/div><a class=\"w-gallery-item-link\" aria-label=\"\u00a9 Laura G\u00e1lvez-Rhein\" href=\"https:\/\/fundaciosetba.org\/wp-content\/uploads\/2022\/06\/2022-05_Traspassant-Murs_SETBA_65.jpg\" title=\"\u00a9 Laura G\u00e1lvez-Rhein\"><\/a><\/div><div class=\"w-gallery-item\"><div class=\"w-gallery-item-img\"><img loading=\"lazy\" decoding=\"async\" width=\"150\" height=\"150\" src=\"https:\/\/fundaciosetba.org\/wp-content\/uploads\/2022\/06\/2022-05_Traspassant-Murs_SETBA_66-150x150.jpg\" class=\"attachment-thumbnail size-thumbnail\" alt=\"\" srcset=\"https:\/\/fundaciosetba.org\/wp-content\/uploads\/2022\/06\/2022-05_Traspassant-Murs_SETBA_66-150x150.jpg 150w, https:\/\/fundaciosetba.org\/wp-content\/uploads\/2022\/06\/2022-05_Traspassant-Murs_SETBA_66-300x300.jpg 300w\" sizes=\"auto, (max-width: 150px) 100vw, 150px\" \/><\/div><a class=\"w-gallery-item-link\" aria-label=\"\u00a9 Laura G\u00e1lvez-Rhein\" href=\"https:\/\/fundaciosetba.org\/wp-content\/uploads\/2022\/06\/2022-05_Traspassant-Murs_SETBA_66.jpg\" title=\"\u00a9 Laura G\u00e1lvez-Rhein\"><\/a><\/div><\/div><\/div>\n<p>&nbsp;<\/p>\n<p>Muro terminado:<\/p>\n<p><img loading=\"lazy\" decoding=\"async\" class=\"alignnone wp-image-31556 size-large\" src=\"https:\/\/fundaciosetba.org\/wp-content\/uploads\/2022\/06\/2022-06-01_Cloenda-Traspassant-Murs-MONTILIVI_SETBA_12-1024x684.jpg\" alt=\"\u00a9 Laura G\u00e1lvez-Rhein\" width=\"1024\" height=\"684\" srcset=\"https:\/\/fundaciosetba.org\/wp-content\/uploads\/2022\/06\/2022-06-01_Cloenda-Traspassant-Murs-MONTILIVI_SETBA_12-1024x684.jpg 1024w, https:\/\/fundaciosetba.org\/wp-content\/uploads\/2022\/06\/2022-06-01_Cloenda-Traspassant-Murs-MONTILIVI_SETBA_12-300x200.jpg 300w, https:\/\/fundaciosetba.org\/wp-content\/uploads\/2022\/06\/2022-06-01_Cloenda-Traspassant-Murs-MONTILIVI_SETBA_12-150x100.jpg 150w, https:\/\/fundaciosetba.org\/wp-content\/uploads\/2022\/06\/2022-06-01_Cloenda-Traspassant-Murs-MONTILIVI_SETBA_12-600x401.jpg 600w, https:\/\/fundaciosetba.org\/wp-content\/uploads\/2022\/06\/2022-06-01_Cloenda-Traspassant-Murs-MONTILIVI_SETBA_12.jpg 1920w\" sizes=\"auto, (max-width: 1024px) 100vw, 1024px\" \/><\/p>\n","protected":false},"excerpt":{"rendered":"<p>La Fundaci\u00f3n Setba lleva su proyecto de arte comunitario Traspasando Muros en el Centro Educativo de Justicia Juvenil Montilivi. <\/p>\n","protected":false},"author":1,"featured_media":31559,"comment_status":"closed","ping_status":"closed","sticky":false,"template":"","format":"standard","meta":{"footnotes":""},"categories":[1349],"tags":[],"class_list":["post-31564","post","type-post","status-publish","format-standard","has-post-thumbnail","hentry","category-traspasando-muros-es"],"_links":{"self":[{"href":"https:\/\/fundaciosetba.org\/es\/wp-json\/wp\/v2\/posts\/31564","targetHints":{"allow":["GET"]}}],"collection":[{"href":"https:\/\/fundaciosetba.org\/es\/wp-json\/wp\/v2\/posts"}],"about":[{"href":"https:\/\/fundaciosetba.org\/es\/wp-json\/wp\/v2\/types\/post"}],"author":[{"embeddable":true,"href":"https:\/\/fundaciosetba.org\/es\/wp-json\/wp\/v2\/users\/1"}],"replies":[{"embeddable":true,"href":"https:\/\/fundaciosetba.org\/es\/wp-json\/wp\/v2\/comments?post=31564"}],"version-history":[{"count":2,"href":"https:\/\/fundaciosetba.org\/es\/wp-json\/wp\/v2\/posts\/31564\/revisions"}],"predecessor-version":[{"id":31728,"href":"https:\/\/fundaciosetba.org\/es\/wp-json\/wp\/v2\/posts\/31564\/revisions\/31728"}],"wp:featuredmedia":[{"embeddable":true,"href":"https:\/\/fundaciosetba.org\/es\/wp-json\/wp\/v2\/media\/31559"}],"wp:attachment":[{"href":"https:\/\/fundaciosetba.org\/es\/wp-json\/wp\/v2\/media?parent=31564"}],"wp:term":[{"taxonomy":"category","embeddable":true,"href":"https:\/\/fundaciosetba.org\/es\/wp-json\/wp\/v2\/categories?post=31564"},{"taxonomy":"post_tag","embeddable":true,"href":"https:\/\/fundaciosetba.org\/es\/wp-json\/wp\/v2\/tags?post=31564"}],"curies":[{"name":"wp","href":"https:\/\/api.w.org\/{rel}","templated":true}]}}