{"id":31577,"date":"2022-06-07T15:05:04","date_gmt":"2022-06-07T14:05:04","guid":{"rendered":"https:\/\/fundaciosetba.org\/exito-de-inscripciones-en-el-premio-setba-2022\/"},"modified":"2022-06-07T15:11:10","modified_gmt":"2022-06-07T14:11:10","slug":"exito-de-inscripciones-en-el-premio-setba-2022","status":"publish","type":"post","link":"https:\/\/fundaciosetba.org\/es\/exito-de-inscripciones-en-el-premio-setba-2022\/","title":{"rendered":"\u00c9xito de inscripciones en el Premio Setba 2022"},"content":{"rendered":"<p>La duod\u00e9cima convocatoria de los Premis Setba 2022 cierra con \u00e9xito de participaci\u00f3n. <strong>Este a\u00f1o se han registrado 74 entidades del sector de la discapacidad intelectual de Catalu\u00f1a, presentando un total de 1.432 obras.<\/strong><\/p>\n<p>El Premio Setba es un certamen anual de pintura dirigido a artistas con discapacidad intelectual. Actualmente, se trata del certamen mejor dotado de Espa\u00f1a (con una dotaci\u00f3n total de 7.900 \u20ac), del que re\u00fane profesionales del mundo del arte, alumnos de Bellas Artes, entidades y empresas con un mismo objetivo: detectar, reconocer y visibilizar el talento de estos artistas.<\/p>\n<p><strong>El 19 de septiembre de 2022 tendr\u00e1 lugar la gala de los Premios Setba en el CaixaForum Barcelona<\/strong> , donde descubriremos cu\u00e1les han sido las obras seleccionadas y ganadoras de la duod\u00e9cima edici\u00f3n:<\/p>\n<p><strong>PREMIOS<\/strong><\/p>\n<p>Primer premio:<br \/>\n\u2013 Galard\u00f3n de la ilustradora y escultora Meritxell Duran<br \/>\n\u2013 \u201cWorkshop\u201d en el estudio de dise\u00f1o La Casa de Carlota<br \/>\n\u2013 Material de Bellas Artes gentileza de ART MIR para el artista<br \/>\n\u2013 Dos entradas en el Museo del F\u00fatbol Club Barcelona<br \/>\n\u2013 4.000\u20ac para la entidad a la que pertenece el artista<\/p>\n<p>Segundo premio:<br \/>\n\u2013 \u201cWorkshop\u201d en el estudio de dise\u00f1o La Casa de Carlota<br \/>\n\u2013 Material de Bellas Artes gentileza de ART MIR para el artista<br \/>\n\u2013 Dos entradas en el Museo del F\u00fatbol Club Barcelona<br \/>\n\u2013 1.800\u20ac para la entidad a la que pertenece el artista<\/p>\n<p>Tercer premio:<br \/>\n\u2013 \u201cWorkshop\u201d en el estudio de dise\u00f1o La Casa de Carlota<br \/>\n\u2013 Material de Bellas Artes gentileza de ART MIR para el artista<br \/>\n\u2013 Dos entradas en el Museo del F\u00fatbol Club Barcelona<br \/>\n\u2013 1.500\u20ac para la entidad a la que pertenece el artista<\/p>\n<p><strong>JURADO<\/strong><br \/>\nEl jurado profesional de este 2022 est\u00e1 formado por:<\/p>\n<p>Gloria Andreu<br \/>\nResponsable del proyecto Art for Change de la Fundaci\u00f3n &#8220;la Caixa&#8221;<\/p>\n<p>Marcel\u00b7l\u00ed Ant\u00fanez<br \/>\nArtista multidisciplinar<\/p>\n<p>Jos\u00e9 Manuel Jaurena<br \/>\nGerente de Arte Mir<\/p>\n<p>M\u00f3nica Ramon<br \/>\nGalerista y presidenta de Galer\u00edas de Arte de Catalu\u00f1a (GAC)<\/p>\n<p>Cristina Sampere<br \/>\nDirectora de la Fundaci\u00f3n Setba<\/p>\n<p>&nbsp;<\/p>\n<p>Este certamen est\u00e1 organizado por la Fundaci\u00f3n Setba con el patrocinio de Capital Care y con la colaboraci\u00f3n de Barna Art, Bardinet, el Gremio de Galer\u00edas de Arte de Catalu\u00f1a, Dincat, el Museo del F\u00fatbol Club Barcelona, Fundaci\u00f3n \u201cla Caixa\u201d , La Casa de Carlota y Pinturas MIR.<\/p>\n","protected":false},"excerpt":{"rendered":"<p>La duod\u00e9cima convocatoria a los Premios Setba 2022 cierra con \u00e9xito de participaci\u00f3n<\/p>\n","protected":false},"author":1,"featured_media":31576,"comment_status":"closed","ping_status":"closed","sticky":false,"template":"","format":"standard","meta":{"footnotes":""},"categories":[1352,1353],"tags":[],"class_list":["post-31577","post","type-post","status-publish","format-standard","has-post-thumbnail","hentry","category-magistrales-es","category-premio-setba-es"],"_links":{"self":[{"href":"https:\/\/fundaciosetba.org\/es\/wp-json\/wp\/v2\/posts\/31577","targetHints":{"allow":["GET"]}}],"collection":[{"href":"https:\/\/fundaciosetba.org\/es\/wp-json\/wp\/v2\/posts"}],"about":[{"href":"https:\/\/fundaciosetba.org\/es\/wp-json\/wp\/v2\/types\/post"}],"author":[{"embeddable":true,"href":"https:\/\/fundaciosetba.org\/es\/wp-json\/wp\/v2\/users\/1"}],"replies":[{"embeddable":true,"href":"https:\/\/fundaciosetba.org\/es\/wp-json\/wp\/v2\/comments?post=31577"}],"version-history":[{"count":1,"href":"https:\/\/fundaciosetba.org\/es\/wp-json\/wp\/v2\/posts\/31577\/revisions"}],"predecessor-version":[{"id":31578,"href":"https:\/\/fundaciosetba.org\/es\/wp-json\/wp\/v2\/posts\/31577\/revisions\/31578"}],"wp:featuredmedia":[{"embeddable":true,"href":"https:\/\/fundaciosetba.org\/es\/wp-json\/wp\/v2\/media\/31576"}],"wp:attachment":[{"href":"https:\/\/fundaciosetba.org\/es\/wp-json\/wp\/v2\/media?parent=31577"}],"wp:term":[{"taxonomy":"category","embeddable":true,"href":"https:\/\/fundaciosetba.org\/es\/wp-json\/wp\/v2\/categories?post=31577"},{"taxonomy":"post_tag","embeddable":true,"href":"https:\/\/fundaciosetba.org\/es\/wp-json\/wp\/v2\/tags?post=31577"}],"curies":[{"name":"wp","href":"https:\/\/api.w.org\/{rel}","templated":true}]}}