{"id":31605,"date":"2022-06-14T08:53:42","date_gmt":"2022-06-14T07:53:42","guid":{"rendered":"https:\/\/fundaciosetba.org\/el-land-art-llega-a-la-poblacion-penitenciaria\/"},"modified":"2022-07-01T12:47:11","modified_gmt":"2022-07-01T11:47:11","slug":"el-land-art-llega-a-la-poblacion-penitenciaria","status":"publish","type":"post","link":"https:\/\/fundaciosetba.org\/es\/el-land-art-llega-a-la-poblacion-penitenciaria\/","title":{"rendered":"El &#8216;Land Art&#8217; llega a la poblaci\u00f3n penitenciaria"},"content":{"rendered":"<p>Durante los meses de abril, mayo y junio, <strong>internos y t\u00e9cnicos y t\u00e9cnicas de arte de los centros penitenciarios de Catalu\u00f1a han participado en el taller \u201c <em>Land Art<\/em> . Arte en la naturaleza con personas privadas de libertad\u201d<\/strong>, organizado por el Centro de Estudios Jur\u00eddicos y Formaci\u00f3n Especializada de la Generalitat (CEJFE) en el bosque de la Torre dels Soldats de Aviny\u00f3 (Bages, Barcelona).<\/p>\n<p>El objetivo ha sido <strong>aportar conocimientos, elementos de reflexi\u00f3n acerca al <em>Land Art<\/em> y sus metodolog\u00edas y t\u00e9cnicas<\/strong> para implementarlas en los talleres y trabajar, aparte de la creaci\u00f3n art\u00edstica, la importancia de adquirir una <strong>conciencia medio ambiental<\/strong> .<\/p>\n<p>La actividad ha sido comisiarada por la Fundaci\u00f3n Setba y la ha dirigido el artista Quim Moya. Tambi\u00e9n han colaborado Josep Solsona, especialista en piedra seca y artesano recuperador de un tramo de los muros del camino ganadero de Aviny\u00f3, e Ignasi Vilarasau, ingeniero agr\u00f3nomo y presidente del ADF Quercus.<\/p>\n<p>Aqu\u00ed una recopilaci\u00f3n de fotograf\u00edas del proyecto:<\/p>\n<div class=\"w-gallery fit_cover wp_gallery type_grid action_popup_image ratio_1x1 count_6\" style=\"--columns:3;--items-gap:8px;\"><div class=\"w-gallery-list\"><div class=\"w-gallery-item\"><div class=\"w-gallery-item-img\"><img loading=\"lazy\" decoding=\"async\" width=\"150\" height=\"150\" src=\"https:\/\/fundaciosetba.org\/wp-content\/uploads\/2022\/06\/IMG_20220427_124116-150x150.jpg\" class=\"attachment-thumbnail size-thumbnail\" alt=\"\" srcset=\"https:\/\/fundaciosetba.org\/wp-content\/uploads\/2022\/06\/IMG_20220427_124116-150x150.jpg 150w, https:\/\/fundaciosetba.org\/wp-content\/uploads\/2022\/06\/IMG_20220427_124116-300x300.jpg 300w\" sizes=\"auto, (max-width: 150px) 100vw, 150px\" \/><\/div><a class=\"w-gallery-item-link\" aria-label=\"IMG_20220427_124116\" href=\"https:\/\/fundaciosetba.org\/wp-content\/uploads\/2022\/06\/IMG_20220427_124116-scaled.jpg\" title=\"IMG_20220427_124116\"><\/a><\/div><div class=\"w-gallery-item\"><div class=\"w-gallery-item-img\"><img loading=\"lazy\" decoding=\"async\" width=\"150\" height=\"150\" src=\"https:\/\/fundaciosetba.org\/wp-content\/uploads\/2022\/06\/IMG_20220428_131225-150x150.jpg\" class=\"attachment-thumbnail size-thumbnail\" alt=\"\" srcset=\"https:\/\/fundaciosetba.org\/wp-content\/uploads\/2022\/06\/IMG_20220428_131225-150x150.jpg 150w, https:\/\/fundaciosetba.org\/wp-content\/uploads\/2022\/06\/IMG_20220428_131225-300x300.jpg 300w\" sizes=\"auto, (max-width: 150px) 100vw, 150px\" \/><\/div><a class=\"w-gallery-item-link\" aria-label=\"IMG_20220428_131225\" href=\"https:\/\/fundaciosetba.org\/wp-content\/uploads\/2022\/06\/IMG_20220428_131225-scaled.jpg\" title=\"IMG_20220428_131225\"><\/a><\/div><div class=\"w-gallery-item\"><div class=\"w-gallery-item-img\"><img loading=\"lazy\" decoding=\"async\" width=\"150\" height=\"150\" src=\"https:\/\/fundaciosetba.org\/wp-content\/uploads\/2022\/06\/IMG_20220602_125510-150x150.jpg\" class=\"attachment-thumbnail size-thumbnail\" alt=\"\" srcset=\"https:\/\/fundaciosetba.org\/wp-content\/uploads\/2022\/06\/IMG_20220602_125510-150x150.jpg 150w, https:\/\/fundaciosetba.org\/wp-content\/uploads\/2022\/06\/IMG_20220602_125510-300x300.jpg 300w\" sizes=\"auto, (max-width: 150px) 100vw, 150px\" \/><\/div><a class=\"w-gallery-item-link\" aria-label=\"IMG_20220602_125510\" href=\"https:\/\/fundaciosetba.org\/wp-content\/uploads\/2022\/06\/IMG_20220602_125510-scaled.jpg\" title=\"IMG_20220602_125510\"><\/a><\/div><div class=\"w-gallery-item\"><div class=\"w-gallery-item-img\"><img loading=\"lazy\" decoding=\"async\" width=\"150\" height=\"150\" src=\"https:\/\/fundaciosetba.org\/wp-content\/uploads\/2022\/06\/IMG_20220602_130658-150x150.jpg\" class=\"attachment-thumbnail size-thumbnail\" alt=\"\" srcset=\"https:\/\/fundaciosetba.org\/wp-content\/uploads\/2022\/06\/IMG_20220602_130658-150x150.jpg 150w, https:\/\/fundaciosetba.org\/wp-content\/uploads\/2022\/06\/IMG_20220602_130658-300x300.jpg 300w\" sizes=\"auto, (max-width: 150px) 100vw, 150px\" \/><\/div><a class=\"w-gallery-item-link\" aria-label=\"IMG_20220602_130658\" href=\"https:\/\/fundaciosetba.org\/wp-content\/uploads\/2022\/06\/IMG_20220602_130658-scaled.jpg\" title=\"IMG_20220602_130658\"><\/a><\/div><div class=\"w-gallery-item\"><div class=\"w-gallery-item-img\"><img loading=\"lazy\" decoding=\"async\" width=\"150\" height=\"150\" src=\"https:\/\/fundaciosetba.org\/wp-content\/uploads\/2022\/06\/IMG_20220602_132542-150x150.jpg\" class=\"attachment-thumbnail size-thumbnail\" alt=\"\" srcset=\"https:\/\/fundaciosetba.org\/wp-content\/uploads\/2022\/06\/IMG_20220602_132542-150x150.jpg 150w, https:\/\/fundaciosetba.org\/wp-content\/uploads\/2022\/06\/IMG_20220602_132542-300x300.jpg 300w\" sizes=\"auto, (max-width: 150px) 100vw, 150px\" \/><\/div><a class=\"w-gallery-item-link\" aria-label=\"IMG_20220602_132542\" href=\"https:\/\/fundaciosetba.org\/wp-content\/uploads\/2022\/06\/IMG_20220602_132542-scaled.jpg\" title=\"IMG_20220602_132542\"><\/a><\/div><div class=\"w-gallery-item\"><div class=\"w-gallery-item-img\"><img loading=\"lazy\" decoding=\"async\" width=\"150\" height=\"150\" src=\"https:\/\/fundaciosetba.org\/wp-content\/uploads\/2022\/06\/IMG_20220602_132755-150x150.jpg\" class=\"attachment-thumbnail size-thumbnail\" alt=\"\" srcset=\"https:\/\/fundaciosetba.org\/wp-content\/uploads\/2022\/06\/IMG_20220602_132755-150x150.jpg 150w, https:\/\/fundaciosetba.org\/wp-content\/uploads\/2022\/06\/IMG_20220602_132755-300x300.jpg 300w\" sizes=\"auto, (max-width: 150px) 100vw, 150px\" \/><\/div><a class=\"w-gallery-item-link\" aria-label=\"IMG_20220602_132755\" href=\"https:\/\/fundaciosetba.org\/wp-content\/uploads\/2022\/06\/IMG_20220602_132755-scaled.jpg\" title=\"IMG_20220602_132755\"><\/a><\/div><\/div><\/div>\n","protected":false},"excerpt":{"rendered":"<p>Internos y t\u00e9cnicos y t\u00e9cnicas de arte de centros penitenciarios de Catalu\u00f1a han participado en el taller &#8220;Land Art. Arte en la naturaleza con personas privadas de libertad\u201d<\/p>\n","protected":false},"author":1,"featured_media":31583,"comment_status":"closed","ping_status":"closed","sticky":false,"template":"","format":"standard","meta":{"footnotes":""},"categories":[1354],"tags":[],"class_list":["post-31605","post","type-post","status-publish","format-standard","has-post-thumbnail","hentry","category-noticias-relacionadas"],"_links":{"self":[{"href":"https:\/\/fundaciosetba.org\/es\/wp-json\/wp\/v2\/posts\/31605","targetHints":{"allow":["GET"]}}],"collection":[{"href":"https:\/\/fundaciosetba.org\/es\/wp-json\/wp\/v2\/posts"}],"about":[{"href":"https:\/\/fundaciosetba.org\/es\/wp-json\/wp\/v2\/types\/post"}],"author":[{"embeddable":true,"href":"https:\/\/fundaciosetba.org\/es\/wp-json\/wp\/v2\/users\/1"}],"replies":[{"embeddable":true,"href":"https:\/\/fundaciosetba.org\/es\/wp-json\/wp\/v2\/comments?post=31605"}],"version-history":[{"count":2,"href":"https:\/\/fundaciosetba.org\/es\/wp-json\/wp\/v2\/posts\/31605\/revisions"}],"predecessor-version":[{"id":31730,"href":"https:\/\/fundaciosetba.org\/es\/wp-json\/wp\/v2\/posts\/31605\/revisions\/31730"}],"wp:featuredmedia":[{"embeddable":true,"href":"https:\/\/fundaciosetba.org\/es\/wp-json\/wp\/v2\/media\/31583"}],"wp:attachment":[{"href":"https:\/\/fundaciosetba.org\/es\/wp-json\/wp\/v2\/media?parent=31605"}],"wp:term":[{"taxonomy":"category","embeddable":true,"href":"https:\/\/fundaciosetba.org\/es\/wp-json\/wp\/v2\/categories?post=31605"},{"taxonomy":"post_tag","embeddable":true,"href":"https:\/\/fundaciosetba.org\/es\/wp-json\/wp\/v2\/tags?post=31605"}],"curies":[{"name":"wp","href":"https:\/\/api.w.org\/{rel}","templated":true}]}}