{"id":31621,"date":"2022-06-15T08:51:23","date_gmt":"2022-06-15T07:51:23","guid":{"rendered":"https:\/\/fundaciosetba.org\/camila-oliveira-expone-sus-retratos-en-el-luminic-festival-de-sant-cugat\/"},"modified":"2022-07-01T12:46:49","modified_gmt":"2022-07-01T11:46:49","slug":"camila-oliveira-expone-sus-retratos-en-el-luminic-festival-de-sant-cugat","status":"publish","type":"post","link":"https:\/\/fundaciosetba.org\/es\/camila-oliveira-expone-sus-retratos-en-el-luminic-festival-de-sant-cugat\/","title":{"rendered":"Camila Oliveira expone sus retratos en el Lum\u00ednic Festival de Sant Cugat"},"content":{"rendered":"<p><em>Mujeres invisibles<\/em> es el t\u00edtulo de la fot\u00f3grafa Camila Oliveira, quien ha retratado a mujeres que han sufrido de violencia machista en alg\u00fan momento de su vida. La exposici\u00f3n, que estar\u00e1 ubicada hasta el 17 de julio en la plaza de la Biblioteca Gabriel Ferrater de Sant Cugat, se enmarca dentro del <a href=\"http:\/\/www.luminicfestival.com\">Festival de fotograf\u00eda Lum\u00ednic<\/a>.<\/p>\n<p>La muestra fotogr\u00e1fica est\u00e1 compuesta por una serie de retratos desafiantes de mujeres que Oliveira conoci\u00f3 durante su estada en los centros penitenciarios de Brians y Wad-Ras, y que durante su creaci\u00f3n les pidi\u00f3 que pensaran que estaban mirando a la cara a sus maltratadores y que se enfrentaran a sus propios miedos. La exposici\u00f3n ha sido guiada por la artista Marta F\u00e0bregas, gracias a la mentor\u00eda organizada por la Fundaci\u00f3 Setba dentro del proyecto <em>Traspasando el objetivo.<\/em><\/p>\n<p>El montaje de las fotograf\u00edas tuvo lugar el 10 de junio y particip\u00f3 la Red de Mujeres Emprendedoras de Sant Cugat. Posteriormente, se organiz\u00f3 la presentaci\u00f3n del fotolibro <em>BRIANS. Mujeres invisibles<\/em>, en el que Oliveira forma parte como coautora, en el interior de la Biblioteca Central, con la asistencia de la teniente alcalde de cultura del Ayuntamiento de Sant Cugat, Esther Madrona.<\/p>\n<p>Actualmente, el fotolibro se puede comprar en <a href=\"https:\/\/fundaciosetba.org\/es\/\">nuestra p\u00e1gina web<\/a>, en la p\u00e1gina de la editorial Lum\u00ednic y en diferentes librer\u00edas de Barcelona: Laie CCCB, KBr by Juan Naranjo, Finestres, No Llegiu y Fotocolectania.<\/p>\n<p>Fotograf\u00edas de la exposici\u00f3n:<\/p>\n<div class=\"w-gallery fit_cover wp_gallery type_grid action_popup_image ratio_1x1 count_2\" style=\"--columns:2;--items-gap:8px;\"><div class=\"w-gallery-list\"><div class=\"w-gallery-item\"><div class=\"w-gallery-item-img\"><img loading=\"lazy\" decoding=\"async\" width=\"1024\" height=\"768\" src=\"https:\/\/fundaciosetba.org\/wp-content\/uploads\/2022\/06\/Brians-Sant-Cugat-8-1024x768.jpeg\" class=\"attachment-large size-large\" alt=\"\" srcset=\"https:\/\/fundaciosetba.org\/wp-content\/uploads\/2022\/06\/Brians-Sant-Cugat-8-1024x768.jpeg 1024w, https:\/\/fundaciosetba.org\/wp-content\/uploads\/2022\/06\/Brians-Sant-Cugat-8-300x225.jpeg 300w, https:\/\/fundaciosetba.org\/wp-content\/uploads\/2022\/06\/Brians-Sant-Cugat-8-133x100.jpeg 133w, https:\/\/fundaciosetba.org\/wp-content\/uploads\/2022\/06\/Brians-Sant-Cugat-8-533x400.jpeg 533w, https:\/\/fundaciosetba.org\/wp-content\/uploads\/2022\/06\/Brians-Sant-Cugat-8-600x450.jpeg 600w, https:\/\/fundaciosetba.org\/wp-content\/uploads\/2022\/06\/Brians-Sant-Cugat-8.jpeg 1600w\" sizes=\"auto, (max-width: 1024px) 100vw, 1024px\" \/><\/div><a class=\"w-gallery-item-link\" aria-label=\"Brians Sant Cugat (8)\" href=\"https:\/\/fundaciosetba.org\/wp-content\/uploads\/2022\/06\/Brians-Sant-Cugat-8.jpeg\" title=\"Brians Sant Cugat (8)\"><\/a><\/div><div class=\"w-gallery-item\"><div class=\"w-gallery-item-img\"><img loading=\"lazy\" decoding=\"async\" width=\"1024\" height=\"768\" src=\"https:\/\/fundaciosetba.org\/wp-content\/uploads\/2022\/06\/Brians-Sant-Cugat-6-1024x768.jpeg\" class=\"attachment-large size-large\" alt=\"\" srcset=\"https:\/\/fundaciosetba.org\/wp-content\/uploads\/2022\/06\/Brians-Sant-Cugat-6-1024x768.jpeg 1024w, https:\/\/fundaciosetba.org\/wp-content\/uploads\/2022\/06\/Brians-Sant-Cugat-6-300x225.jpeg 300w, https:\/\/fundaciosetba.org\/wp-content\/uploads\/2022\/06\/Brians-Sant-Cugat-6-133x100.jpeg 133w, https:\/\/fundaciosetba.org\/wp-content\/uploads\/2022\/06\/Brians-Sant-Cugat-6-533x400.jpeg 533w, https:\/\/fundaciosetba.org\/wp-content\/uploads\/2022\/06\/Brians-Sant-Cugat-6-600x450.jpeg 600w, https:\/\/fundaciosetba.org\/wp-content\/uploads\/2022\/06\/Brians-Sant-Cugat-6.jpeg 2048w\" sizes=\"auto, (max-width: 1024px) 100vw, 1024px\" \/><\/div><a class=\"w-gallery-item-link\" aria-label=\"Brians Sant Cugat (6)\" href=\"https:\/\/fundaciosetba.org\/wp-content\/uploads\/2022\/06\/Brians-Sant-Cugat-6.jpeg\" title=\"Brians Sant Cugat (6)\"><\/a><\/div><\/div><\/div>\n","protected":false},"excerpt":{"rendered":"<p>&#8216;Mujeres invisibles&#8217; es el t\u00edtulo de la fot\u00f3grafa Camila Oliveira, quien ha retratado a mujeres que han sufrido de violencia machista.<\/p>\n","protected":false},"author":1,"featured_media":31612,"comment_status":"closed","ping_status":"closed","sticky":false,"template":"","format":"standard","meta":{"footnotes":""},"categories":[1350],"tags":[],"class_list":["post-31621","post","type-post","status-publish","format-standard","has-post-thumbnail","hentry","category-traspasando-el-objetivo-es"],"_links":{"self":[{"href":"https:\/\/fundaciosetba.org\/es\/wp-json\/wp\/v2\/posts\/31621","targetHints":{"allow":["GET"]}}],"collection":[{"href":"https:\/\/fundaciosetba.org\/es\/wp-json\/wp\/v2\/posts"}],"about":[{"href":"https:\/\/fundaciosetba.org\/es\/wp-json\/wp\/v2\/types\/post"}],"author":[{"embeddable":true,"href":"https:\/\/fundaciosetba.org\/es\/wp-json\/wp\/v2\/users\/1"}],"replies":[{"embeddable":true,"href":"https:\/\/fundaciosetba.org\/es\/wp-json\/wp\/v2\/comments?post=31621"}],"version-history":[{"count":3,"href":"https:\/\/fundaciosetba.org\/es\/wp-json\/wp\/v2\/posts\/31621\/revisions"}],"predecessor-version":[{"id":31729,"href":"https:\/\/fundaciosetba.org\/es\/wp-json\/wp\/v2\/posts\/31621\/revisions\/31729"}],"wp:featuredmedia":[{"embeddable":true,"href":"https:\/\/fundaciosetba.org\/es\/wp-json\/wp\/v2\/media\/31612"}],"wp:attachment":[{"href":"https:\/\/fundaciosetba.org\/es\/wp-json\/wp\/v2\/media?parent=31621"}],"wp:term":[{"taxonomy":"category","embeddable":true,"href":"https:\/\/fundaciosetba.org\/es\/wp-json\/wp\/v2\/categories?post=31621"},{"taxonomy":"post_tag","embeddable":true,"href":"https:\/\/fundaciosetba.org\/es\/wp-json\/wp\/v2\/tags?post=31621"}],"curies":[{"name":"wp","href":"https:\/\/api.w.org\/{rel}","templated":true}]}}