{"id":31630,"date":"2022-06-23T11:53:08","date_gmt":"2022-06-23T10:53:08","guid":{"rendered":"https:\/\/fundaciosetba.org\/resolucion-de-la-convocatoria-naturaleza-es-cultura-2022\/"},"modified":"2022-06-23T11:58:16","modified_gmt":"2022-06-23T10:58:16","slug":"resolucion-de-la-convocatoria-naturaleza-es-cultura-2022","status":"publish","type":"post","link":"https:\/\/fundaciosetba.org\/es\/resolucion-de-la-convocatoria-naturaleza-es-cultura-2022\/","title":{"rendered":"Resoluci\u00f3n de la convocatoria &#8216;Naturaleza es Cultura&#8217; 2022"},"content":{"rendered":"<p>Hasta el 3 de junio, un total de 13 entidades de salud mental de Catalu\u00f1a se inscribieron en la convocatoria anual del proyecto <em>Naturaleza es Cultura<\/em> , organizada por la Fundaci\u00f3n Setba y dirigida por el artista Quim Moya.<\/p>\n<p>Este proyecto tiene la voluntad de contribuir a la integraci\u00f3n social de los usuarios, fomentando las capacidades art\u00edsticas y facilitando el contacto con la naturaleza. Tambi\u00e9n responde a la necesidad de dar un respiro a las familias y a los propios usuarios, que no tienen demasiadas oportunidades de salir de su entorno cotidiano.<\/p>\n<p>De entre todas las entidades que se inscribieron y se ajustaron a los requisitos de la convocatoria, el 13 de junio se realiz\u00f3 un sorteo para escoger a las seleccionadas:<\/p>\n<ul>\n<li>Fundaci\u00f3n Drissa (Girona)<\/li>\n<li>Fundaci\u00f3n Ampans (Manresa)<\/li>\n<li>Asociaci\u00f3n Insolitart (Barcelona)<\/li>\n<\/ul>\n<p>Durante el mes de septiembre las entidades seleccionadas disfrutar\u00e1n de un respiro de una semana en la residencia de artistas Cal Gras de Aviny\u00f3, donde llevar\u00e1n a cabo actividades art\u00edsticas en el entorno natural del Bages.<\/p>\n<p>Este certamen est\u00e1 organizado por la Fundaci\u00f3n Setba con el patrocinio de Bizcabar y Capital Care y con la colaboraci\u00f3n de Pinturas Lepanto.<\/p>\n","protected":false},"excerpt":{"rendered":"<p>Entre todas las entidades que se inscribieron, el 13 de junio se realiz\u00f3 un sorteo para escoger las seleccionadas. Las entidades beneficiarias del proyecto son&#8230;<\/p>\n","protected":false},"author":1,"featured_media":31631,"comment_status":"closed","ping_status":"closed","sticky":false,"template":"","format":"standard","meta":{"footnotes":""},"categories":[1242],"tags":[],"class_list":["post-31630","post","type-post","status-publish","format-standard","has-post-thumbnail","hentry","category-natura-es-cultura-2"],"_links":{"self":[{"href":"https:\/\/fundaciosetba.org\/es\/wp-json\/wp\/v2\/posts\/31630","targetHints":{"allow":["GET"]}}],"collection":[{"href":"https:\/\/fundaciosetba.org\/es\/wp-json\/wp\/v2\/posts"}],"about":[{"href":"https:\/\/fundaciosetba.org\/es\/wp-json\/wp\/v2\/types\/post"}],"author":[{"embeddable":true,"href":"https:\/\/fundaciosetba.org\/es\/wp-json\/wp\/v2\/users\/1"}],"replies":[{"embeddable":true,"href":"https:\/\/fundaciosetba.org\/es\/wp-json\/wp\/v2\/comments?post=31630"}],"version-history":[{"count":1,"href":"https:\/\/fundaciosetba.org\/es\/wp-json\/wp\/v2\/posts\/31630\/revisions"}],"predecessor-version":[{"id":31634,"href":"https:\/\/fundaciosetba.org\/es\/wp-json\/wp\/v2\/posts\/31630\/revisions\/31634"}],"wp:featuredmedia":[{"embeddable":true,"href":"https:\/\/fundaciosetba.org\/es\/wp-json\/wp\/v2\/media\/31631"}],"wp:attachment":[{"href":"https:\/\/fundaciosetba.org\/es\/wp-json\/wp\/v2\/media?parent=31630"}],"wp:term":[{"taxonomy":"category","embeddable":true,"href":"https:\/\/fundaciosetba.org\/es\/wp-json\/wp\/v2\/categories?post=31630"},{"taxonomy":"post_tag","embeddable":true,"href":"https:\/\/fundaciosetba.org\/es\/wp-json\/wp\/v2\/tags?post=31630"}],"curies":[{"name":"wp","href":"https:\/\/api.w.org\/{rel}","templated":true}]}}